{"id":5014,"date":"2025-02-08T21:05:34","date_gmt":"2025-02-08T21:05:34","guid":{"rendered":"https:\/\/www.verredart.fr\/?p=5014"},"modified":"2026-01-23T10:18:54","modified_gmt":"2026-01-23T10:18:54","slug":"verre-non-recyclable-agir-localement-pour-un-impact-durable","status":"publish","type":"post","link":"https:\/\/www.verredart.fr\/en\/verre-non-recyclable-agir-localement-pour-un-impact-durable\/","title":{"rendered":"Verre non recyclable : agir localement pour un impact durable"},"content":{"rendered":"<hr class=\"wp-block-separator has-alpha-channel-opacity\"\/>\n\n\n\n<figure class=\"wp-block-gallery has-nested-images columns-default is-cropped wp-block-gallery-1 is-layout-flex wp-block-gallery-is-layout-flex\">\n<figure class=\"wp-block-image size-large\"><img data-recalc-dims=\"1\" fetchpriority=\"high\" decoding=\"async\" width=\"1024\" height=\"683\" data-id=\"6536\" src=\"https:\/\/i0.wp.com\/www.verredart.fr\/wp-content\/uploads\/2025\/02\/IMG_5694.jpg?resize=1024%2C683&#038;ssl=1\" alt=\"Verre non recyclable : agir localement \" class=\"wp-image-6536\" srcset=\"https:\/\/i0.wp.com\/www.verredart.fr\/wp-content\/uploads\/2025\/02\/IMG_5694-scaled.jpg?resize=1024%2C683&amp;ssl=1 1024w, https:\/\/i0.wp.com\/www.verredart.fr\/wp-content\/uploads\/2025\/02\/IMG_5694-scaled.jpg?resize=300%2C200&amp;ssl=1 300w, https:\/\/i0.wp.com\/www.verredart.fr\/wp-content\/uploads\/2025\/02\/IMG_5694-scaled.jpg?resize=768%2C512&amp;ssl=1 768w, https:\/\/i0.wp.com\/www.verredart.fr\/wp-content\/uploads\/2025\/02\/IMG_5694-scaled.jpg?resize=1536%2C1024&amp;ssl=1 1536w, https:\/\/i0.wp.com\/www.verredart.fr\/wp-content\/uploads\/2025\/02\/IMG_5694-scaled.jpg?resize=2048%2C1365&amp;ssl=1 2048w, https:\/\/i0.wp.com\/www.verredart.fr\/wp-content\/uploads\/2025\/02\/IMG_5694-scaled.jpg?resize=18%2C12&amp;ssl=1 18w, https:\/\/i0.wp.com\/www.verredart.fr\/wp-content\/uploads\/2025\/02\/IMG_5694-scaled.jpg?w=2400&amp;ssl=1 2400w\" sizes=\"(max-width: 1024px) 100vw, 1024px\" \/><\/figure>\n<\/figure>\n\n\n\n<p>Recycler est devenu un r\u00e9flexe. Pourtant, <strong>tout le verre ne se recycle pas<\/strong>. Chaque jour, des objets en verre finissent \u00e0 la poubelle alors qu\u2019ils pourraient encore servir.<br><strong>Alors, que devient le verre non recyclable ?<\/strong> Et surtout, comment agir autrement, \u00e0 l\u2019\u00e9chelle locale, pour limiter son impact ?<\/p>\n\n\n\n<p>Agir localement offre des r\u00e9ponses concr\u00e8tes. Cela permet aussi de redonner du sens \u00e0 la mati\u00e8re.<\/p>\n\n\n\n<hr class=\"wp-block-separator has-alpha-channel-opacity\"\/>\n\n\n\n<h2 class=\"wp-block-heading\">Le verre non recyclable : de quoi parle-t-on ?<\/h2>\n\n\n\n<p>Seuls les <strong>bouteilles, pots et bocaux<\/strong> vont dans le bac \u00e0 verre.<br>En revanche, la vaisselle, les verres \u00e0 boire, les vitraux, le cristal ou le Pyrex n\u2019y ont pas leur place.<\/p>\n\n\n\n<p>Ces verres ont une composition diff\u00e9rente. <strong>Ils fondent \u00e0 des temp\u00e9ratures incompatibles<\/strong> avec le recyclage industriel classique.<br>Par cons\u00e9quent, les fili\u00e8res les excluent.<\/p>\n\n\n\n<hr class=\"wp-block-separator has-alpha-channel-opacity\"\/>\n\n\n\n<h2 class=\"wp-block-heading\">Un d\u00e9chet invisible mais bien r\u00e9el<\/h2>\n\n\n\n<p>Lorsque le tri ne pr\u00e9voit aucune solution, <strong>le verre non recyclable devient un d\u00e9chet oubli\u00e9<\/strong>.<br>Il finit souvent enfoui ou incin\u00e9r\u00e9.<\/p>\n\n\n\n<p>Pourtant, cette mati\u00e8re reste stable, durable et pr\u00e9cieuse.<br>Ainsi, jeter ce verre revient \u00e0 <strong>perdre une ressource<\/strong>, pas seulement un objet.<\/p>\n\n\n\n<hr class=\"wp-block-separator has-alpha-channel-opacity\"\/>\n\n\n\n<h2 class=\"wp-block-heading\">Pourquoi agir localement change tout<\/h2>\n\n\n\n<p>Les solutions industrielles montrent leurs limites. <strong>\u00c0 l\u2019inverse, l\u2019action locale permet d\u2019agir vite et efficacement<\/strong>.<\/p>\n\n\n\n<p>Agir \u00e0 l\u2019\u00e9chelle d\u2019un territoire permet :<\/p>\n\n\n\n<ul class=\"wp-block-list\">\n<li>de r\u00e9duire les d\u00e9chets produits localement,<\/li>\n\n\n\n<li>de limiter les transports inutiles,<\/li>\n\n\n\n<li>de valoriser une mati\u00e8re d\u00e9j\u00e0 existante,<\/li>\n\n\n\n<li>de soutenir l\u2019\u00e9conomie locale.<\/li>\n<\/ul>\n\n\n\n<p>Ainsi, chaque geste prend une dimension concr\u00e8te.<\/p>\n\n\n\n<hr class=\"wp-block-separator has-alpha-channel-opacity\"\/>\n\n\n\n<h2 class=\"wp-block-heading\">Transformer le verre non recyclable autrement<\/h2>\n\n\n\n<p>Plut\u00f4t que de jeter ce verre, <strong><a href=\"https:\/\/www.verredart.fr\/en\/verre-file-chalumeau-verre-reycle-non-recyclable\/\" type=\"post\" id=\"4998\">il est possible de le transformer<\/a><\/strong>.<br>L\u2019artisanat offre une r\u00e9ponse directe et humaine.<\/p>\n\n\n\n<p>Dans mon atelier, je r\u00e9cup\u00e8re ce verre. Ensuite, je le trie. Puis, je le transforme au chalumeau.<br>Chaque \u00e9tape respecte la mati\u00e8re et son histoire.<\/p>\n\n\n\n<hr class=\"wp-block-separator has-alpha-channel-opacity\"\/>\n\n\n\n<h2 class=\"wp-block-heading\">Une cr\u00e9ation artisanale porteuse de sens<\/h2>\n\n\n\n<p>\u00c0 partir de ce verre non recyclable, je cr\u00e9e :<\/p>\n\n\n\n<ul class=\"wp-block-list\">\n<li>des bijoux,<\/li>\n\n\n\n<li>des accessoires,<\/li>\n\n\n\n<li>des objets durables.<\/li>\n<\/ul>\n\n\n\n<p>Chaque pi\u00e8ce est unique. Elle porte une histoire.<br>Ainsi, la mati\u00e8re retrouve une utilit\u00e9, mais aussi une valeur.<\/p>\n\n\n\n<hr class=\"wp-block-separator has-alpha-channel-opacity\"\/>\n\n\n\n<h2 class=\"wp-block-heading\">Un impact durable et mesurable<\/h2>\n\n\n\n<p>Agir localement permet de :<\/p>\n\n\n\n<ul class=\"wp-block-list\">\n<li>r\u00e9duire les d\u00e9chets enfouis,<\/li>\n\n\n\n<li>\u00e9viter l\u2019extraction de nouvelles ressources,<\/li>\n\n\n\n<li>encourager une consommation plus responsable.<\/li>\n<\/ul>\n\n\n\n<p>De plus, cette d\u00e9marche cr\u00e9e du lien. Elle sensibilise. Elle inspire.<br><strong>L\u2019impact devient r\u00e9el, visible et durable.<\/strong><\/p>\n\n\n\n<hr class=\"wp-block-separator has-alpha-channel-opacity\"\/>\n\n\n\n<h2 class=\"wp-block-heading\">Choisir autrement, soutenir une d\u00e9marche engag\u00e9e<\/h2>\n\n\n\n<p>Acheter une cr\u00e9ation issue de verre non recyclable, ce n\u2019est pas un simple achat.<br>C\u2019est un choix.<\/p>\n\n\n\n<p>Ce choix soutient :<\/p>\n\n\n\n<ul class=\"wp-block-list\">\n<li>une d\u00e9marche \u00e9cologique,<\/li>\n\n\n\n<li>un savoir-faire artisanal,<\/li>\n\n\n\n<li>une \u00e9conomie locale.<\/li>\n<\/ul>\n\n\n\n<p>Ainsi, chaque objet devient un acte engag\u00e9.<\/p>\n\n\n\n<hr class=\"wp-block-separator has-alpha-channel-opacity\"\/>\n\n\n\n<h2 class=\"wp-block-heading\">Conclusion<\/h2>\n\n\n\n<p>Le verre non recyclable n\u2019est pas une fin de cycle.<br><strong>Agir localement permet de lui offrir une seconde vie.<\/strong><\/p>\n\n\n\n<p>Gr\u00e2ce \u00e0 l\u2019artisanat, cette mati\u00e8re devient une ressource.<br>Ensemble, nous pouvons transformer nos d\u00e9chets en solutions durables.<\/p>","protected":false},"excerpt":{"rendered":"<p>Recycler est devenu un r\u00e9flexe. Pourtant, tout le verre ne se recycle pas. Chaque jour, des objets en verre finissent \u00e0 la poubelle alors qu\u2019ils pourraient encore servir.Alors, que devient le verre non recyclable ? Et surtout, comment agir autrement, \u00e0 l\u2019\u00e9chelle locale, pour limiter son impact ? Agir localement offre des r\u00e9ponses concr\u00e8tes. Cela [&hellip;]<\/p>\n","protected":false},"author":1,"featured_media":0,"comment_status":"open","ping_status":"open","sticky":false,"template":"","format":"standard","meta":{"_jetpack_memberships_contains_paid_content":false,"footnotes":""},"categories":[201],"tags":[],"class_list":["post-5014","post","type-post","status-publish","format-standard","hentry","category-ecologie-et-consommation-responsable","entry","owp-thumbs-layout-vertical","owp-btn-big","owp-tabs-layout-horizontal","has-no-thumbnails","has-product-nav"],"yoast_head":"<!-- This site is optimized with the Yoast SEO plugin v27.4 - https:\/\/yoast.com\/product\/yoast-seo-wordpress\/ -->\n<title>Verre non recyclable : agir localement pour un impact durable<\/title>\n<meta name=\"description\" content=\"Le verre non recyclable pose un vrai d\u00e9fi \u00e9cologique. D\u00e9couvrez comment agir localement permet de le transformer et de cr\u00e9er un impact durable\" \/>\n<meta name=\"robots\" content=\"index, follow, max-snippet:-1, max-image-preview:large, max-video-preview:-1\" \/>\n<link rel=\"canonical\" href=\"https:\/\/www.verredart.fr\/en\/verre-non-recyclable-agir-localement-pour-un-impact-durable\/\" \/>\n<meta property=\"og:locale\" content=\"en_US\" \/>\n<meta property=\"og:type\" content=\"article\" \/>\n<meta property=\"og:title\" content=\"Verre non recyclable : agir localement pour un impact durable\" \/>\n<meta property=\"og:description\" content=\"Le verre non recyclable pose un vrai d\u00e9fi \u00e9cologique. D\u00e9couvrez comment agir localement permet de le transformer et de cr\u00e9er un impact durable\" \/>\n<meta property=\"og:url\" content=\"https:\/\/www.verredart.fr\/en\/verre-non-recyclable-agir-localement-pour-un-impact-durable\/\" \/>\n<meta property=\"og:site_name\" content=\"Verre d&#039;Art\" \/>\n<meta property=\"article:publisher\" content=\"https:\/\/www.facebook.com\/Verredart\" \/>\n<meta property=\"article:author\" content=\"https:\/\/www.facebook.com\/Verredart\" \/>\n<meta property=\"article:published_time\" content=\"2025-02-08T21:05:34+00:00\" \/>\n<meta property=\"article:modified_time\" content=\"2026-01-23T10:18:54+00:00\" \/>\n<meta property=\"og:image\" content=\"https:\/\/www.verredart.fr\/wp-content\/uploads\/2025\/02\/IMG_5694-1024x683.jpg\" \/>\n<meta name=\"author\" content=\"Andreia MATOS\" \/>\n<meta name=\"twitter:card\" content=\"summary_large_image\" \/>\n<meta name=\"twitter:creator\" content=\"@verredart\" \/>\n<meta name=\"twitter:site\" content=\"@verredart\" \/>\n<meta name=\"twitter:label1\" content=\"Written by\" \/>\n\t<meta name=\"twitter:data1\" content=\"Andreia MATOS\" \/>\n\t<meta name=\"twitter:label2\" content=\"Est. reading time\" \/>\n\t<meta name=\"twitter:data2\" content=\"3 minutes\" \/>\n<script type=\"application\/ld+json\" class=\"yoast-schema-graph\">{\"@context\":\"https:\\\/\\\/schema.org\",\"@graph\":[{\"@type\":\"Article\",\"@id\":\"https:\\\/\\\/www.verredart.fr\\\/verre-non-recyclable-agir-localement-pour-un-impact-durable\\\/#article\",\"isPartOf\":{\"@id\":\"https:\\\/\\\/www.verredart.fr\\\/verre-non-recyclable-agir-localement-pour-un-impact-durable\\\/\"},\"author\":{\"name\":\"Andreia MATOS\",\"@id\":\"https:\\\/\\\/www.verredart.fr\\\/#\\\/schema\\\/person\\\/c769e12053a7f1c5dd6d9f8c9fca6057\"},\"headline\":\"Verre non recyclable : agir localement pour un impact durable\",\"datePublished\":\"2025-02-08T21:05:34+00:00\",\"dateModified\":\"2026-01-23T10:18:54+00:00\",\"mainEntityOfPage\":{\"@id\":\"https:\\\/\\\/www.verredart.fr\\\/verre-non-recyclable-agir-localement-pour-un-impact-durable\\\/\"},\"wordCount\":491,\"commentCount\":0,\"publisher\":{\"@id\":\"https:\\\/\\\/www.verredart.fr\\\/#organization\"},\"image\":{\"@id\":\"https:\\\/\\\/www.verredart.fr\\\/verre-non-recyclable-agir-localement-pour-un-impact-durable\\\/#primaryimage\"},\"thumbnailUrl\":\"https:\\\/\\\/www.verredart.fr\\\/wp-content\\\/uploads\\\/2025\\\/02\\\/IMG_5694-1024x683.jpg\",\"articleSection\":[\"\u00c9cologie et consommation responsable\"],\"inLanguage\":\"en-US\",\"potentialAction\":[{\"@type\":\"CommentAction\",\"name\":\"Comment\",\"target\":[\"https:\\\/\\\/www.verredart.fr\\\/verre-non-recyclable-agir-localement-pour-un-impact-durable\\\/#respond\"]}]},{\"@type\":\"WebPage\",\"@id\":\"https:\\\/\\\/www.verredart.fr\\\/verre-non-recyclable-agir-localement-pour-un-impact-durable\\\/\",\"url\":\"https:\\\/\\\/www.verredart.fr\\\/verre-non-recyclable-agir-localement-pour-un-impact-durable\\\/\",\"name\":\"Verre non recyclable : agir localement pour un impact durable\",\"isPartOf\":{\"@id\":\"https:\\\/\\\/www.verredart.fr\\\/#website\"},\"primaryImageOfPage\":{\"@id\":\"https:\\\/\\\/www.verredart.fr\\\/verre-non-recyclable-agir-localement-pour-un-impact-durable\\\/#primaryimage\"},\"image\":{\"@id\":\"https:\\\/\\\/www.verredart.fr\\\/verre-non-recyclable-agir-localement-pour-un-impact-durable\\\/#primaryimage\"},\"thumbnailUrl\":\"https:\\\/\\\/www.verredart.fr\\\/wp-content\\\/uploads\\\/2025\\\/02\\\/IMG_5694-1024x683.jpg\",\"datePublished\":\"2025-02-08T21:05:34+00:00\",\"dateModified\":\"2026-01-23T10:18:54+00:00\",\"description\":\"Le verre non recyclable pose un vrai d\u00e9fi \u00e9cologique. D\u00e9couvrez comment agir localement permet de le transformer et de cr\u00e9er un impact durable\",\"inLanguage\":\"en-US\",\"potentialAction\":[{\"@type\":\"ReadAction\",\"target\":[\"https:\\\/\\\/www.verredart.fr\\\/verre-non-recyclable-agir-localement-pour-un-impact-durable\\\/\"]}]},{\"@type\":\"ImageObject\",\"inLanguage\":\"en-US\",\"@id\":\"https:\\\/\\\/www.verredart.fr\\\/verre-non-recyclable-agir-localement-pour-un-impact-durable\\\/#primaryimage\",\"url\":\"https:\\\/\\\/www.verredart.fr\\\/wp-content\\\/uploads\\\/2025\\\/02\\\/IMG_5694-1024x683.jpg\",\"contentUrl\":\"https:\\\/\\\/www.verredart.fr\\\/wp-content\\\/uploads\\\/2025\\\/02\\\/IMG_5694-1024x683.jpg\"},{\"@type\":\"WebSite\",\"@id\":\"https:\\\/\\\/www.verredart.fr\\\/#website\",\"url\":\"https:\\\/\\\/www.verredart.fr\\\/\",\"name\":\"Verre d'Art\",\"description\":\"Recyclage de verre non recyclable en cr\u00e9ations uniques et engag\u00e9s\",\"publisher\":{\"@id\":\"https:\\\/\\\/www.verredart.fr\\\/#organization\"},\"potentialAction\":[{\"@type\":\"SearchAction\",\"target\":{\"@type\":\"EntryPoint\",\"urlTemplate\":\"https:\\\/\\\/www.verredart.fr\\\/?s={search_term_string}\"},\"query-input\":{\"@type\":\"PropertyValueSpecification\",\"valueRequired\":true,\"valueName\":\"search_term_string\"}}],\"inLanguage\":\"en-US\"},{\"@type\":\"Organization\",\"@id\":\"https:\\\/\\\/www.verredart.fr\\\/#organization\",\"name\":\"Verre d'Art\",\"url\":\"https:\\\/\\\/www.verredart.fr\\\/\",\"logo\":{\"@type\":\"ImageObject\",\"inLanguage\":\"en-US\",\"@id\":\"https:\\\/\\\/www.verredart.fr\\\/#\\\/schema\\\/logo\\\/image\\\/\",\"url\":\"\",\"contentUrl\":\"\",\"caption\":\"Verre d'Art\"},\"image\":{\"@id\":\"https:\\\/\\\/www.verredart.fr\\\/#\\\/schema\\\/logo\\\/image\\\/\"},\"sameAs\":[\"https:\\\/\\\/www.facebook.com\\\/Verredart\",\"https:\\\/\\\/x.com\\\/verredart\",\"https:\\\/\\\/www.instagram.com\\\/Verre_dart\",\"https:\\\/\\\/www.pinterest.fr\\\/verredart\\\/\"]},{\"@type\":\"Person\",\"@id\":\"https:\\\/\\\/www.verredart.fr\\\/#\\\/schema\\\/person\\\/c769e12053a7f1c5dd6d9f8c9fca6057\",\"name\":\"Andreia MATOS\",\"image\":{\"@type\":\"ImageObject\",\"inLanguage\":\"en-US\",\"@id\":\"https:\\\/\\\/secure.gravatar.com\\\/avatar\\\/fbcf1b70eff1b1ea4661df56cd246538284ef04ec40f8e79f98a736c6fa92be2?s=96&r=g&d=https:\\\/\\\/www.verredart.fr\\\/wp-content\\\/plugins\\\/userswp\\\/assets\\\/images\\\/no_profile.png\",\"url\":\"https:\\\/\\\/secure.gravatar.com\\\/avatar\\\/fbcf1b70eff1b1ea4661df56cd246538284ef04ec40f8e79f98a736c6fa92be2?s=96&r=g&d=https:\\\/\\\/www.verredart.fr\\\/wp-content\\\/plugins\\\/userswp\\\/assets\\\/images\\\/no_profile.png\",\"contentUrl\":\"https:\\\/\\\/secure.gravatar.com\\\/avatar\\\/fbcf1b70eff1b1ea4661df56cd246538284ef04ec40f8e79f98a736c6fa92be2?s=96&r=g&d=https:\\\/\\\/www.verredart.fr\\\/wp-content\\\/plugins\\\/userswp\\\/assets\\\/images\\\/no_profile.png\",\"caption\":\"Andreia MATOS\"},\"sameAs\":[\"https:\\\/\\\/www.verredart.fr\",\"https:\\\/\\\/www.facebook.com\\\/Verredart\",\"https:\\\/\\\/www.instagram.com\\\/Verre_dart\\\/\",\"https:\\\/\\\/fr.pinterest.com\\\/verredart\\\/\",\"https:\\\/\\\/www.youtube.com\\\/channel\\\/UCBmwHQbCg0GosJTClU0geQw\"],\"url\":\"https:\\\/\\\/www.verredart.fr\\\/en\\\/utilisateurs\\\/bamrdigital\\\/\"}]}<\/script>\n<!-- \/ Yoast SEO plugin. -->","yoast_head_json":{"title":"Verre non recyclable : agir localement pour un impact durable","description":"Le verre non recyclable pose un vrai d\u00e9fi \u00e9cologique. D\u00e9couvrez comment agir localement permet de le transformer et de cr\u00e9er un impact durable","robots":{"index":"index","follow":"follow","max-snippet":"max-snippet:-1","max-image-preview":"max-image-preview:large","max-video-preview":"max-video-preview:-1"},"canonical":"https:\/\/www.verredart.fr\/en\/verre-non-recyclable-agir-localement-pour-un-impact-durable\/","og_locale":"en_US","og_type":"article","og_title":"Verre non recyclable : agir localement pour un impact durable","og_description":"Le verre non recyclable pose un vrai d\u00e9fi \u00e9cologique. D\u00e9couvrez comment agir localement permet de le transformer et de cr\u00e9er un impact durable","og_url":"https:\/\/www.verredart.fr\/en\/verre-non-recyclable-agir-localement-pour-un-impact-durable\/","og_site_name":"Verre d&#039;Art","article_publisher":"https:\/\/www.facebook.com\/Verredart","article_author":"https:\/\/www.facebook.com\/Verredart","article_published_time":"2025-02-08T21:05:34+00:00","article_modified_time":"2026-01-23T10:18:54+00:00","og_image":[{"url":"https:\/\/www.verredart.fr\/wp-content\/uploads\/2025\/02\/IMG_5694-1024x683.jpg","type":"","width":"","height":""}],"author":"Andreia MATOS","twitter_card":"summary_large_image","twitter_creator":"@verredart","twitter_site":"@verredart","twitter_misc":{"Written by":"Andreia MATOS","Est. reading time":"3 minutes"},"schema":{"@context":"https:\/\/schema.org","@graph":[{"@type":"Article","@id":"https:\/\/www.verredart.fr\/verre-non-recyclable-agir-localement-pour-un-impact-durable\/#article","isPartOf":{"@id":"https:\/\/www.verredart.fr\/verre-non-recyclable-agir-localement-pour-un-impact-durable\/"},"author":{"name":"Andreia MATOS","@id":"https:\/\/www.verredart.fr\/#\/schema\/person\/c769e12053a7f1c5dd6d9f8c9fca6057"},"headline":"Verre non recyclable : agir localement pour un impact durable","datePublished":"2025-02-08T21:05:34+00:00","dateModified":"2026-01-23T10:18:54+00:00","mainEntityOfPage":{"@id":"https:\/\/www.verredart.fr\/verre-non-recyclable-agir-localement-pour-un-impact-durable\/"},"wordCount":491,"commentCount":0,"publisher":{"@id":"https:\/\/www.verredart.fr\/#organization"},"image":{"@id":"https:\/\/www.verredart.fr\/verre-non-recyclable-agir-localement-pour-un-impact-durable\/#primaryimage"},"thumbnailUrl":"https:\/\/www.verredart.fr\/wp-content\/uploads\/2025\/02\/IMG_5694-1024x683.jpg","articleSection":["\u00c9cologie et consommation responsable"],"inLanguage":"en-US","potentialAction":[{"@type":"CommentAction","name":"Comment","target":["https:\/\/www.verredart.fr\/verre-non-recyclable-agir-localement-pour-un-impact-durable\/#respond"]}]},{"@type":"WebPage","@id":"https:\/\/www.verredart.fr\/verre-non-recyclable-agir-localement-pour-un-impact-durable\/","url":"https:\/\/www.verredart.fr\/verre-non-recyclable-agir-localement-pour-un-impact-durable\/","name":"Verre non recyclable : agir localement pour un impact durable","isPartOf":{"@id":"https:\/\/www.verredart.fr\/#website"},"primaryImageOfPage":{"@id":"https:\/\/www.verredart.fr\/verre-non-recyclable-agir-localement-pour-un-impact-durable\/#primaryimage"},"image":{"@id":"https:\/\/www.verredart.fr\/verre-non-recyclable-agir-localement-pour-un-impact-durable\/#primaryimage"},"thumbnailUrl":"https:\/\/www.verredart.fr\/wp-content\/uploads\/2025\/02\/IMG_5694-1024x683.jpg","datePublished":"2025-02-08T21:05:34+00:00","dateModified":"2026-01-23T10:18:54+00:00","description":"Le verre non recyclable pose un vrai d\u00e9fi \u00e9cologique. D\u00e9couvrez comment agir localement permet de le transformer et de cr\u00e9er un impact durable","inLanguage":"en-US","potentialAction":[{"@type":"ReadAction","target":["https:\/\/www.verredart.fr\/verre-non-recyclable-agir-localement-pour-un-impact-durable\/"]}]},{"@type":"ImageObject","inLanguage":"en-US","@id":"https:\/\/www.verredart.fr\/verre-non-recyclable-agir-localement-pour-un-impact-durable\/#primaryimage","url":"https:\/\/www.verredart.fr\/wp-content\/uploads\/2025\/02\/IMG_5694-1024x683.jpg","contentUrl":"https:\/\/www.verredart.fr\/wp-content\/uploads\/2025\/02\/IMG_5694-1024x683.jpg"},{"@type":"WebSite","@id":"https:\/\/www.verredart.fr\/#website","url":"https:\/\/www.verredart.fr\/","name":"Verre d'Art","description":"Recyclage de verre non recyclable en cr\u00e9ations uniques et engag\u00e9s","publisher":{"@id":"https:\/\/www.verredart.fr\/#organization"},"potentialAction":[{"@type":"SearchAction","target":{"@type":"EntryPoint","urlTemplate":"https:\/\/www.verredart.fr\/?s={search_term_string}"},"query-input":{"@type":"PropertyValueSpecification","valueRequired":true,"valueName":"search_term_string"}}],"inLanguage":"en-US"},{"@type":"Organization","@id":"https:\/\/www.verredart.fr\/#organization","name":"Verre d'Art","url":"https:\/\/www.verredart.fr\/","logo":{"@type":"ImageObject","inLanguage":"en-US","@id":"https:\/\/www.verredart.fr\/#\/schema\/logo\/image\/","url":"","contentUrl":"","caption":"Verre d'Art"},"image":{"@id":"https:\/\/www.verredart.fr\/#\/schema\/logo\/image\/"},"sameAs":["https:\/\/www.facebook.com\/Verredart","https:\/\/x.com\/verredart","https:\/\/www.instagram.com\/Verre_dart","https:\/\/www.pinterest.fr\/verredart\/"]},{"@type":"Person","@id":"https:\/\/www.verredart.fr\/#\/schema\/person\/c769e12053a7f1c5dd6d9f8c9fca6057","name":"Andreia MATOS","image":{"@type":"ImageObject","inLanguage":"en-US","@id":"https:\/\/secure.gravatar.com\/avatar\/fbcf1b70eff1b1ea4661df56cd246538284ef04ec40f8e79f98a736c6fa92be2?s=96&r=g&d=https:\/\/www.verredart.fr\/wp-content\/plugins\/userswp\/assets\/images\/no_profile.png","url":"https:\/\/secure.gravatar.com\/avatar\/fbcf1b70eff1b1ea4661df56cd246538284ef04ec40f8e79f98a736c6fa92be2?s=96&r=g&d=https:\/\/www.verredart.fr\/wp-content\/plugins\/userswp\/assets\/images\/no_profile.png","contentUrl":"https:\/\/secure.gravatar.com\/avatar\/fbcf1b70eff1b1ea4661df56cd246538284ef04ec40f8e79f98a736c6fa92be2?s=96&r=g&d=https:\/\/www.verredart.fr\/wp-content\/plugins\/userswp\/assets\/images\/no_profile.png","caption":"Andreia MATOS"},"sameAs":["https:\/\/www.verredart.fr","https:\/\/www.facebook.com\/Verredart","https:\/\/www.instagram.com\/Verre_dart\/","https:\/\/fr.pinterest.com\/verredart\/","https:\/\/www.youtube.com\/channel\/UCBmwHQbCg0GosJTClU0geQw"],"url":"https:\/\/www.verredart.fr\/en\/utilisateurs\/bamrdigital\/"}]}},"jetpack_featured_media_url":"","jetpack_sharing_enabled":true,"_links":{"self":[{"href":"https:\/\/www.verredart.fr\/en\/wp-json\/wp\/v2\/posts\/5014","targetHints":{"allow":["GET"]}}],"collection":[{"href":"https:\/\/www.verredart.fr\/en\/wp-json\/wp\/v2\/posts"}],"about":[{"href":"https:\/\/www.verredart.fr\/en\/wp-json\/wp\/v2\/types\/post"}],"author":[{"embeddable":true,"href":"https:\/\/www.verredart.fr\/en\/wp-json\/wp\/v2\/users\/1"}],"replies":[{"embeddable":true,"href":"https:\/\/www.verredart.fr\/en\/wp-json\/wp\/v2\/comments?post=5014"}],"version-history":[{"count":3,"href":"https:\/\/www.verredart.fr\/en\/wp-json\/wp\/v2\/posts\/5014\/revisions"}],"predecessor-version":[{"id":6537,"href":"https:\/\/www.verredart.fr\/en\/wp-json\/wp\/v2\/posts\/5014\/revisions\/6537"}],"wp:attachment":[{"href":"https:\/\/www.verredart.fr\/en\/wp-json\/wp\/v2\/media?parent=5014"}],"wp:term":[{"taxonomy":"category","embeddable":true,"href":"https:\/\/www.verredart.fr\/en\/wp-json\/wp\/v2\/categories?post=5014"},{"taxonomy":"post_tag","embeddable":true,"href":"https:\/\/www.verredart.fr\/en\/wp-json\/wp\/v2\/tags?post=5014"}],"curies":[{"name":"wp","href":"https:\/\/api.w.org\/{rel}","templated":true}]}}