{"id":5128,"date":"2025-03-31T13:40:06","date_gmt":"2025-03-31T13:40:06","guid":{"rendered":"https:\/\/www.verredart.fr\/?p=5128"},"modified":"2026-01-23T08:48:05","modified_gmt":"2026-01-23T08:48:05","slug":"recyclage-dechets-menagers","status":"publish","type":"post","link":"https:\/\/www.verredart.fr\/en\/recyclage-dechets-menagers\/","title":{"rendered":"Que deviennent nos d\u00e9chets m\u00e9nagers ? Focus sur le recyclage et les initiatives locales"},"content":{"rendered":"<h1 class=\"wp-block-heading\">Recyclage des d\u00e9chets m\u00e9nagers : trier, r\u00e9duire et mieux valoriser au quotidien<\/h1>\n\n\n\n<p>Chaque foyer produit chaque ann\u00e9e une quantit\u00e9 importante de <strong>d\u00e9chets m\u00e9nagers<\/strong>. Pourtant, <strong>en adoptant les bons gestes<\/strong>, il est possible de r\u00e9duire leur impact sur l\u2019environnement.<br><strong>Ainsi<\/strong>, apprendre \u00e0 trier correctement, mais aussi \u00e0 r\u00e9duire ses d\u00e9chets \u00e0 la source, devient une \u00e9tape essentielle pour pr\u00e9server les ressources naturelles et limiter la pollution.<\/p>\n\n\n\n<hr class=\"wp-block-separator has-alpha-channel-opacity\"\/>\n\n\n\n<h2 class=\"wp-block-heading\">Qu\u2019est-ce que les d\u00e9chets m\u00e9nagers ?<\/h2>\n\n\n\n<p>Les d\u00e9chets m\u00e9nagers regroupent l\u2019ensemble des d\u00e9chets issus de la vie quotidienne. <strong>Concr\u00e8tement<\/strong>, cela inclut les emballages, les papiers, les d\u00e9chets alimentaires, le verre ou encore certains objets cass\u00e9s.<\/p>\n\n\n\n<p><strong>Cependant<\/strong>, tous ces d\u00e9chets ne se traitent pas de la m\u00eame mani\u00e8re.<br><strong>C\u2019est pourquoi<\/strong> il est indispensable de bien comprendre les cat\u00e9gories existantes afin d\u2019\u00e9viter les erreurs de tri.<\/p>\n\n\n\n<hr class=\"wp-block-separator has-alpha-channel-opacity\"\/>\n\n\n\n<h2 class=\"wp-block-heading\">Comment trier efficacement ses d\u00e9chets \u00e0 la maison<\/h2>\n\n\n\n<p>Le tri s\u00e9lectif consiste \u00e0 <strong>s\u00e9parer les d\u00e9chets recyclables des autres<\/strong>. <strong>En effet<\/strong>, un d\u00e9chet bien tri\u00e9 a plus de chances d\u2019\u00eatre r\u00e9ellement recycl\u00e9.<\/p>\n\n\n\n<p><strong>Par exemple<\/strong> :<\/p>\n\n\n\n<ul class=\"wp-block-list\">\n<li>le <strong>verre recyclable<\/strong> (bouteilles, bocaux) se d\u00e9pose dans les colonnes \u00e0 verre<\/li>\n\n\n\n<li>les <strong>papiers et cartons<\/strong> vont dans le bac de tri<\/li>\n\n\n\n<li>les <strong>plastiques et m\u00e9taux<\/strong>, selon les consignes locales, rejoignent \u00e9galement le bac de tri<\/li>\n<\/ul>\n\n\n\n<p><strong>Toutefois<\/strong>, certaines erreurs persistent. <strong>C\u2019est pourquoi<\/strong> il est recommand\u00e9 de consulter r\u00e9guli\u00e8rement les consignes de tri propres \u00e0 sa commune.<\/p>\n\n\n\n<hr class=\"wp-block-separator has-alpha-channel-opacity\"\/>\n\n\n\n<h2 class=\"wp-block-heading\">Le recyclage : une \u00e9tape n\u00e9cessaire, mais insuffisante<\/h2>\n\n\n\n<p>Le recyclage joue un r\u00f4le important. <strong>Cependant<\/strong>, il ne permet pas, \u00e0 lui seul, de r\u00e9duire la quantit\u00e9 globale de d\u00e9chets produits.<br><strong>En r\u00e9alit\u00e9<\/strong>, recycler intervient seulement une fois que le d\u00e9chet existe d\u00e9j\u00e0.<\/p>\n\n\n\n<p><strong>Ainsi<\/strong>, pour \u00eatre r\u00e9ellement efficace, le recyclage doit s\u2019inscrire dans une d\u00e9marche plus large reposant sur les <strong>3 R<\/strong> :<\/p>\n\n\n\n<ul class=\"wp-block-list\">\n<li><strong>r\u00e9duire<\/strong>,<\/li>\n\n\n\n<li><strong>r\u00e9utiliser<\/strong>,<\/li>\n\n\n\n<li>puis seulement <strong>recycler<\/strong>.<\/li>\n<\/ul>\n\n\n\n<hr class=\"wp-block-separator has-alpha-channel-opacity\"\/>\n\n\n\n<h2 class=\"wp-block-heading\">R\u00e9duire ses d\u00e9chets m\u00e9nagers au quotidien<\/h2>\n\n\n\n<p>Avant m\u00eame de penser au tri, <strong>il est pr\u00e9f\u00e9rable de r\u00e9duire la production de d\u00e9chets<\/strong>.<br><strong>Par exemple<\/strong>, acheter en vrac, limiter les emballages ou utiliser des objets r\u00e9utilisables permet de diminuer consid\u00e9rablement le volume de d\u00e9chets.<\/p>\n\n\n\n<p><strong>De plus<\/strong>, composter les biod\u00e9chets \u00e9vite qu\u2019ils finissent dans les ordures m\u00e9nag\u00e8res.<br><strong>Ainsi<\/strong>, chaque petit geste contribue \u00e0 une r\u00e9duction durable des d\u00e9chets.<\/p>\n\n\n\n<hr class=\"wp-block-separator has-alpha-channel-opacity\"\/>\n\n\n\n<h2 class=\"wp-block-heading\">Que faire des d\u00e9chets non recyclables ?<\/h2>\n\n\n\n<p>Malheureusement, certains d\u00e9chets m\u00e9nagers ne disposent pas de fili\u00e8re de recyclage classique. <strong>Dans ce cas<\/strong>, ils doivent \u00eatre jet\u00e9s avec les ordures m\u00e9nag\u00e8res ou d\u00e9pos\u00e9s en d\u00e9ch\u00e8terie.<\/p>\n\n\n\n<p><strong>Cependant<\/strong>, cela ne signifie pas qu\u2019aucune alternative n\u2019existe.<br><strong>Au contraire<\/strong>, certaines mati\u00e8res peuvent \u00eatre valoris\u00e9es autrement, notamment gr\u00e2ce au r\u00e9emploi ou \u00e0 la transformation artisanale.<\/p>\n\n\n\n<hr class=\"wp-block-separator has-alpha-channel-opacity\"\/>\n\n\n\n<h2 class=\"wp-block-heading\">Recycler autrement : donner une seconde vie aux mati\u00e8res<\/h2>\n\n\n\n<p>Lorsque le recyclage industriel atteint ses limites, <strong>d\u2019autres solutions \u00e9mergent<\/strong>.<br><strong>Par exemple<\/strong>, le verre non recyclable (vaisselle cass\u00e9e, cristal, vitre) peut \u00eatre transform\u00e9 artisanalement en objets durables et utiles.<\/p>\n\n\n\n<p><strong>Ainsi<\/strong>, au lieu d\u2019\u00eatre enfoui ou d\u00e9truit, ce mat\u00e9riau retrouve une nouvelle valeur tout en r\u00e9duisant la quantit\u00e9 de d\u00e9chets envoy\u00e9s \u00e0 la poubelle.<\/p>\n\n\n\n<hr class=\"wp-block-separator has-alpha-channel-opacity\"\/>\n\n\n\n<h2 class=\"wp-block-heading\">Conclusion<\/h2>\n\n\n\n<p>Le recyclage des d\u00e9chets m\u00e9nagers commence \u00e0 la maison. <strong>Cependant<\/strong>, il ne doit pas \u00eatre la seule r\u00e9ponse.<br><strong>En combinant<\/strong> r\u00e9duction \u00e0 la source, r\u00e9utilisation et valorisation alternative, il devient possible d\u2019agir concr\u00e8tement pour l\u2019environnement.<\/p>\n\n\n\n<p><strong>Finalement<\/strong>, chaque geste compte. <strong>Et surtout<\/strong>, mieux comprendre ses d\u00e9chets permet de faire des choix plus responsables, jour apr\u00e8s jour.<\/p>\n\n\n\n<hr class=\"wp-block-separator has-alpha-channel-opacity\"\/>","protected":false},"excerpt":{"rendered":"<p>Recyclage des d\u00e9chets m\u00e9nagers : trier, r\u00e9duire et mieux valoriser au quotidien Chaque foyer produit chaque ann\u00e9e une quantit\u00e9 importante de d\u00e9chets m\u00e9nagers. Pourtant, en adoptant les bons gestes, il est possible de r\u00e9duire leur impact sur l\u2019environnement.Ainsi, apprendre \u00e0 trier correctement, mais aussi \u00e0 r\u00e9duire ses d\u00e9chets \u00e0 la source, devient une \u00e9tape essentielle [&hellip;]<\/p>\n","protected":false},"author":1,"featured_media":0,"comment_status":"open","ping_status":"open","sticky":false,"template":"","format":"standard","meta":{"_jetpack_memberships_contains_paid_content":false,"footnotes":""},"categories":[1],"tags":[],"class_list":["post-5128","post","type-post","status-publish","format-standard","hentry","category-recyclage-du-verre-non-recyclable","entry","owp-thumbs-layout-vertical","owp-btn-big","owp-tabs-layout-horizontal","has-no-thumbnails","has-product-nav"],"yoast_head":"<!-- This site is optimized with the Yoast SEO plugin v27.5 - https:\/\/yoast.com\/product\/yoast-seo-wordpress\/ -->\n<title>Recyclage des d\u00e9chets m\u00e9nagers : trier, r\u00e9duire et mieux valoriser<\/title>\n<meta name=\"description\" content=\"D\u00e9couvrez ce que deviennent nos d\u00e9chets m\u00e9nagers et comment le recyclage peut s&#039;\u00e9tendre \u00e0 l&#039;artisanat local avec du verre non recyclable.\" \/>\n<meta name=\"robots\" content=\"index, follow, max-snippet:-1, max-image-preview:large, max-video-preview:-1\" \/>\n<link rel=\"canonical\" href=\"https:\/\/www.verredart.fr\/en\/recyclage-dechets-menagers\/\" \/>\n<meta property=\"og:locale\" content=\"en_US\" \/>\n<meta property=\"og:type\" content=\"article\" \/>\n<meta property=\"og:title\" content=\"Recyclage des d\u00e9chets m\u00e9nagers : trier, r\u00e9duire et mieux valoriser\" \/>\n<meta property=\"og:description\" content=\"D\u00e9couvrez ce que deviennent nos d\u00e9chets m\u00e9nagers et comment le recyclage peut s&#039;\u00e9tendre \u00e0 l&#039;artisanat local avec du verre non recyclable.\" \/>\n<meta property=\"og:url\" content=\"https:\/\/www.verredart.fr\/en\/recyclage-dechets-menagers\/\" \/>\n<meta property=\"og:site_name\" content=\"Verre d&#039;Art\" \/>\n<meta property=\"article:publisher\" content=\"https:\/\/www.facebook.com\/Verredart\" \/>\n<meta property=\"article:author\" content=\"https:\/\/www.facebook.com\/Verredart\" \/>\n<meta property=\"article:published_time\" content=\"2025-03-31T13:40:06+00:00\" \/>\n<meta property=\"article:modified_time\" content=\"2026-01-23T08:48:05+00:00\" \/>\n<meta name=\"author\" content=\"Andreia MATOS\" \/>\n<meta name=\"twitter:card\" content=\"summary_large_image\" \/>\n<meta name=\"twitter:creator\" content=\"@verredart\" \/>\n<meta name=\"twitter:site\" content=\"@verredart\" \/>\n<meta name=\"twitter:label1\" content=\"Written by\" \/>\n\t<meta name=\"twitter:data1\" content=\"Andreia MATOS\" \/>\n\t<meta name=\"twitter:label2\" content=\"Est. reading time\" \/>\n\t<meta name=\"twitter:data2\" content=\"3 minutes\" \/>\n<script type=\"application\/ld+json\" class=\"yoast-schema-graph\">{\"@context\":\"https:\\\/\\\/schema.org\",\"@graph\":[{\"@type\":\"Article\",\"@id\":\"https:\\\/\\\/www.verredart.fr\\\/recyclage-dechets-menagers\\\/#article\",\"isPartOf\":{\"@id\":\"https:\\\/\\\/www.verredart.fr\\\/recyclage-dechets-menagers\\\/\"},\"author\":{\"name\":\"Andreia MATOS\",\"@id\":\"https:\\\/\\\/www.verredart.fr\\\/#\\\/schema\\\/person\\\/c769e12053a7f1c5dd6d9f8c9fca6057\"},\"headline\":\"Que deviennent nos d\u00e9chets m\u00e9nagers ? Focus sur le recyclage et les initiatives locales\",\"datePublished\":\"2025-03-31T13:40:06+00:00\",\"dateModified\":\"2026-01-23T08:48:05+00:00\",\"mainEntityOfPage\":{\"@id\":\"https:\\\/\\\/www.verredart.fr\\\/recyclage-dechets-menagers\\\/\"},\"wordCount\":627,\"commentCount\":0,\"publisher\":{\"@id\":\"https:\\\/\\\/www.verredart.fr\\\/#organization\"},\"articleSection\":[\"Recyclage du verre non recyclable\"],\"inLanguage\":\"en-US\",\"potentialAction\":[{\"@type\":\"CommentAction\",\"name\":\"Comment\",\"target\":[\"https:\\\/\\\/www.verredart.fr\\\/recyclage-dechets-menagers\\\/#respond\"]}]},{\"@type\":\"WebPage\",\"@id\":\"https:\\\/\\\/www.verredart.fr\\\/recyclage-dechets-menagers\\\/\",\"url\":\"https:\\\/\\\/www.verredart.fr\\\/recyclage-dechets-menagers\\\/\",\"name\":\"Recyclage des d\u00e9chets m\u00e9nagers : trier, r\u00e9duire et mieux valoriser\",\"isPartOf\":{\"@id\":\"https:\\\/\\\/www.verredart.fr\\\/#website\"},\"datePublished\":\"2025-03-31T13:40:06+00:00\",\"dateModified\":\"2026-01-23T08:48:05+00:00\",\"description\":\"D\u00e9couvrez ce que deviennent nos d\u00e9chets m\u00e9nagers et comment le recyclage peut s'\u00e9tendre \u00e0 l'artisanat local avec du verre non recyclable.\",\"inLanguage\":\"en-US\",\"potentialAction\":[{\"@type\":\"ReadAction\",\"target\":[\"https:\\\/\\\/www.verredart.fr\\\/recyclage-dechets-menagers\\\/\"]}]},{\"@type\":\"WebSite\",\"@id\":\"https:\\\/\\\/www.verredart.fr\\\/#website\",\"url\":\"https:\\\/\\\/www.verredart.fr\\\/\",\"name\":\"Verre d'Art\",\"description\":\"Recyclage de verre non recyclable en cr\u00e9ations uniques et engag\u00e9s\",\"publisher\":{\"@id\":\"https:\\\/\\\/www.verredart.fr\\\/#organization\"},\"potentialAction\":[{\"@type\":\"SearchAction\",\"target\":{\"@type\":\"EntryPoint\",\"urlTemplate\":\"https:\\\/\\\/www.verredart.fr\\\/?s={search_term_string}\"},\"query-input\":{\"@type\":\"PropertyValueSpecification\",\"valueRequired\":true,\"valueName\":\"search_term_string\"}}],\"inLanguage\":\"en-US\"},{\"@type\":\"Organization\",\"@id\":\"https:\\\/\\\/www.verredart.fr\\\/#organization\",\"name\":\"Verre d'Art\",\"url\":\"https:\\\/\\\/www.verredart.fr\\\/\",\"logo\":{\"@type\":\"ImageObject\",\"inLanguage\":\"en-US\",\"@id\":\"https:\\\/\\\/www.verredart.fr\\\/#\\\/schema\\\/logo\\\/image\\\/\",\"url\":\"\",\"contentUrl\":\"\",\"caption\":\"Verre d'Art\"},\"image\":{\"@id\":\"https:\\\/\\\/www.verredart.fr\\\/#\\\/schema\\\/logo\\\/image\\\/\"},\"sameAs\":[\"https:\\\/\\\/www.facebook.com\\\/Verredart\",\"https:\\\/\\\/x.com\\\/verredart\",\"https:\\\/\\\/www.instagram.com\\\/Verre_dart\",\"https:\\\/\\\/www.pinterest.fr\\\/verredart\\\/\"]},{\"@type\":\"Person\",\"@id\":\"https:\\\/\\\/www.verredart.fr\\\/#\\\/schema\\\/person\\\/c769e12053a7f1c5dd6d9f8c9fca6057\",\"name\":\"Andreia MATOS\",\"image\":{\"@type\":\"ImageObject\",\"inLanguage\":\"en-US\",\"@id\":\"https:\\\/\\\/secure.gravatar.com\\\/avatar\\\/fbcf1b70eff1b1ea4661df56cd246538284ef04ec40f8e79f98a736c6fa92be2?s=96&r=g&d=https:\\\/\\\/www.verredart.fr\\\/wp-content\\\/plugins\\\/userswp\\\/assets\\\/images\\\/no_profile.png\",\"url\":\"https:\\\/\\\/secure.gravatar.com\\\/avatar\\\/fbcf1b70eff1b1ea4661df56cd246538284ef04ec40f8e79f98a736c6fa92be2?s=96&r=g&d=https:\\\/\\\/www.verredart.fr\\\/wp-content\\\/plugins\\\/userswp\\\/assets\\\/images\\\/no_profile.png\",\"contentUrl\":\"https:\\\/\\\/secure.gravatar.com\\\/avatar\\\/fbcf1b70eff1b1ea4661df56cd246538284ef04ec40f8e79f98a736c6fa92be2?s=96&r=g&d=https:\\\/\\\/www.verredart.fr\\\/wp-content\\\/plugins\\\/userswp\\\/assets\\\/images\\\/no_profile.png\",\"caption\":\"Andreia MATOS\"},\"sameAs\":[\"https:\\\/\\\/www.verredart.fr\",\"https:\\\/\\\/www.facebook.com\\\/Verredart\",\"https:\\\/\\\/www.instagram.com\\\/Verre_dart\\\/\",\"https:\\\/\\\/fr.pinterest.com\\\/verredart\\\/\",\"https:\\\/\\\/www.youtube.com\\\/channel\\\/UCBmwHQbCg0GosJTClU0geQw\"],\"url\":\"https:\\\/\\\/www.verredart.fr\\\/en\\\/utilisateurs\\\/bamrdigital\\\/\"}]}<\/script>\n<!-- \/ Yoast SEO plugin. -->","yoast_head_json":{"title":"Recyclage des d\u00e9chets m\u00e9nagers : trier, r\u00e9duire et mieux valoriser","description":"D\u00e9couvrez ce que deviennent nos d\u00e9chets m\u00e9nagers et comment le recyclage peut s'\u00e9tendre \u00e0 l'artisanat local avec du verre non recyclable.","robots":{"index":"index","follow":"follow","max-snippet":"max-snippet:-1","max-image-preview":"max-image-preview:large","max-video-preview":"max-video-preview:-1"},"canonical":"https:\/\/www.verredart.fr\/en\/recyclage-dechets-menagers\/","og_locale":"en_US","og_type":"article","og_title":"Recyclage des d\u00e9chets m\u00e9nagers : trier, r\u00e9duire et mieux valoriser","og_description":"D\u00e9couvrez ce que deviennent nos d\u00e9chets m\u00e9nagers et comment le recyclage peut s'\u00e9tendre \u00e0 l'artisanat local avec du verre non recyclable.","og_url":"https:\/\/www.verredart.fr\/en\/recyclage-dechets-menagers\/","og_site_name":"Verre d&#039;Art","article_publisher":"https:\/\/www.facebook.com\/Verredart","article_author":"https:\/\/www.facebook.com\/Verredart","article_published_time":"2025-03-31T13:40:06+00:00","article_modified_time":"2026-01-23T08:48:05+00:00","author":"Andreia MATOS","twitter_card":"summary_large_image","twitter_creator":"@verredart","twitter_site":"@verredart","twitter_misc":{"Written by":"Andreia MATOS","Est. reading time":"3 minutes"},"schema":{"@context":"https:\/\/schema.org","@graph":[{"@type":"Article","@id":"https:\/\/www.verredart.fr\/recyclage-dechets-menagers\/#article","isPartOf":{"@id":"https:\/\/www.verredart.fr\/recyclage-dechets-menagers\/"},"author":{"name":"Andreia MATOS","@id":"https:\/\/www.verredart.fr\/#\/schema\/person\/c769e12053a7f1c5dd6d9f8c9fca6057"},"headline":"Que deviennent nos d\u00e9chets m\u00e9nagers ? Focus sur le recyclage et les initiatives locales","datePublished":"2025-03-31T13:40:06+00:00","dateModified":"2026-01-23T08:48:05+00:00","mainEntityOfPage":{"@id":"https:\/\/www.verredart.fr\/recyclage-dechets-menagers\/"},"wordCount":627,"commentCount":0,"publisher":{"@id":"https:\/\/www.verredart.fr\/#organization"},"articleSection":["Recyclage du verre non recyclable"],"inLanguage":"en-US","potentialAction":[{"@type":"CommentAction","name":"Comment","target":["https:\/\/www.verredart.fr\/recyclage-dechets-menagers\/#respond"]}]},{"@type":"WebPage","@id":"https:\/\/www.verredart.fr\/recyclage-dechets-menagers\/","url":"https:\/\/www.verredart.fr\/recyclage-dechets-menagers\/","name":"Recyclage des d\u00e9chets m\u00e9nagers : trier, r\u00e9duire et mieux valoriser","isPartOf":{"@id":"https:\/\/www.verredart.fr\/#website"},"datePublished":"2025-03-31T13:40:06+00:00","dateModified":"2026-01-23T08:48:05+00:00","description":"D\u00e9couvrez ce que deviennent nos d\u00e9chets m\u00e9nagers et comment le recyclage peut s'\u00e9tendre \u00e0 l'artisanat local avec du verre non recyclable.","inLanguage":"en-US","potentialAction":[{"@type":"ReadAction","target":["https:\/\/www.verredart.fr\/recyclage-dechets-menagers\/"]}]},{"@type":"WebSite","@id":"https:\/\/www.verredart.fr\/#website","url":"https:\/\/www.verredart.fr\/","name":"Verre d'Art","description":"Recyclage de verre non recyclable en cr\u00e9ations uniques et engag\u00e9s","publisher":{"@id":"https:\/\/www.verredart.fr\/#organization"},"potentialAction":[{"@type":"SearchAction","target":{"@type":"EntryPoint","urlTemplate":"https:\/\/www.verredart.fr\/?s={search_term_string}"},"query-input":{"@type":"PropertyValueSpecification","valueRequired":true,"valueName":"search_term_string"}}],"inLanguage":"en-US"},{"@type":"Organization","@id":"https:\/\/www.verredart.fr\/#organization","name":"Verre d'Art","url":"https:\/\/www.verredart.fr\/","logo":{"@type":"ImageObject","inLanguage":"en-US","@id":"https:\/\/www.verredart.fr\/#\/schema\/logo\/image\/","url":"","contentUrl":"","caption":"Verre d'Art"},"image":{"@id":"https:\/\/www.verredart.fr\/#\/schema\/logo\/image\/"},"sameAs":["https:\/\/www.facebook.com\/Verredart","https:\/\/x.com\/verredart","https:\/\/www.instagram.com\/Verre_dart","https:\/\/www.pinterest.fr\/verredart\/"]},{"@type":"Person","@id":"https:\/\/www.verredart.fr\/#\/schema\/person\/c769e12053a7f1c5dd6d9f8c9fca6057","name":"Andreia MATOS","image":{"@type":"ImageObject","inLanguage":"en-US","@id":"https:\/\/secure.gravatar.com\/avatar\/fbcf1b70eff1b1ea4661df56cd246538284ef04ec40f8e79f98a736c6fa92be2?s=96&r=g&d=https:\/\/www.verredart.fr\/wp-content\/plugins\/userswp\/assets\/images\/no_profile.png","url":"https:\/\/secure.gravatar.com\/avatar\/fbcf1b70eff1b1ea4661df56cd246538284ef04ec40f8e79f98a736c6fa92be2?s=96&r=g&d=https:\/\/www.verredart.fr\/wp-content\/plugins\/userswp\/assets\/images\/no_profile.png","contentUrl":"https:\/\/secure.gravatar.com\/avatar\/fbcf1b70eff1b1ea4661df56cd246538284ef04ec40f8e79f98a736c6fa92be2?s=96&r=g&d=https:\/\/www.verredart.fr\/wp-content\/plugins\/userswp\/assets\/images\/no_profile.png","caption":"Andreia MATOS"},"sameAs":["https:\/\/www.verredart.fr","https:\/\/www.facebook.com\/Verredart","https:\/\/www.instagram.com\/Verre_dart\/","https:\/\/fr.pinterest.com\/verredart\/","https:\/\/www.youtube.com\/channel\/UCBmwHQbCg0GosJTClU0geQw"],"url":"https:\/\/www.verredart.fr\/en\/utilisateurs\/bamrdigital\/"}]}},"jetpack_featured_media_url":"","jetpack_sharing_enabled":true,"_links":{"self":[{"href":"https:\/\/www.verredart.fr\/en\/wp-json\/wp\/v2\/posts\/5128","targetHints":{"allow":["GET"]}}],"collection":[{"href":"https:\/\/www.verredart.fr\/en\/wp-json\/wp\/v2\/posts"}],"about":[{"href":"https:\/\/www.verredart.fr\/en\/wp-json\/wp\/v2\/types\/post"}],"author":[{"embeddable":true,"href":"https:\/\/www.verredart.fr\/en\/wp-json\/wp\/v2\/users\/1"}],"replies":[{"embeddable":true,"href":"https:\/\/www.verredart.fr\/en\/wp-json\/wp\/v2\/comments?post=5128"}],"version-history":[{"count":2,"href":"https:\/\/www.verredart.fr\/en\/wp-json\/wp\/v2\/posts\/5128\/revisions"}],"predecessor-version":[{"id":6522,"href":"https:\/\/www.verredart.fr\/en\/wp-json\/wp\/v2\/posts\/5128\/revisions\/6522"}],"wp:attachment":[{"href":"https:\/\/www.verredart.fr\/en\/wp-json\/wp\/v2\/media?parent=5128"}],"wp:term":[{"taxonomy":"category","embeddable":true,"href":"https:\/\/www.verredart.fr\/en\/wp-json\/wp\/v2\/categories?post=5128"},{"taxonomy":"post_tag","embeddable":true,"href":"https:\/\/www.verredart.fr\/en\/wp-json\/wp\/v2\/tags?post=5128"}],"curies":[{"name":"wp","href":"https:\/\/api.w.org\/{rel}","templated":true}]}}