{"id":5291,"date":"2025-05-31T12:39:13","date_gmt":"2025-05-31T12:39:13","guid":{"rendered":"https:\/\/www.verredart.fr\/?p=5291"},"modified":"2026-01-23T08:12:07","modified_gmt":"2026-01-23T08:12:07","slug":"ecole-developpement-durable-tronget","status":"publish","type":"post","link":"https:\/\/www.verredart.fr\/en\/ecole-developpement-durable-tronget\/","title":{"rendered":"\ud83c\udf31 Quand l\u2019\u00e9cole devient actrice du changement : l\u2019exemple inspirant de Tronget"},"content":{"rendered":"<h2 class=\"wp-block-heading\">\u00c9cole E3D d\u00e9veloppement durable \u00e0 Tronget \u2013 exemple inspirant et action \u00e9co-citoyenne<\/h2>\n\n\n\n<p>Il y a des nouvelles qui font chaud au c\u0153ur. Celle de l\u2019\u00e9cole de Tronget, r\u00e9cemment labellis\u00e9e <strong>E3D<\/strong> (\u00c9cole en D\u00e9marche de D\u00e9veloppement Durable), en fait partie.<\/p>\n\n\n\n<p>Dans un monde qui cherche encore trop souvent \u00e0 concilier \u00e9ducation et \u00e9cologie, voir une petite commune de l\u2019Allier s\u2019engager aussi concr\u00e8tement pour un avenir plus responsable me redonne espoir. Oui, il est possible de transmettre autrement, de <strong>former des citoyens conscients, impliqu\u00e9s et sensibles \u00e0 leur environnement<\/strong> d\u00e8s le plus jeune \u00e2ge.<\/p>\n\n\n\n<p>Le label E3D, ce n\u2019est pas juste une r\u00e9compense ou une vitrine. C\u2019est le fruit d\u2019un <strong>engagement collectif<\/strong>, d\u2019une volont\u00e9 forte d\u2019aligner les pratiques \u00e9ducatives sur les valeurs de durabilit\u00e9. \u00c0 Tronget, enseignants, enfants, familles et partenaires locaux ont retrouss\u00e9 leurs manches pour b\u00e2tir un projet coh\u00e9rent, ancr\u00e9 dans la vie r\u00e9elle : r\u00e9duction des d\u00e9chets, respect du vivant, consommation responsable, jardinage, biodiversit\u00e9\u2026 Tout cela avec un objectif clair : <strong>agir, maintenant, \u00e0 leur \u00e9chelle.<\/strong><\/p>\n\n\n\n<p>Et cela fonctionne. Parce que ce sont les enfants qui s\u2019en emparent. Parce que ce sont eux qui rentrent \u00e0 la maison avec des id\u00e9es plein la t\u00eate, des mains pleines de terre, et surtout, l\u2019envie de changer les choses.<\/p>\n\n\n\n<p>En tant qu\u2019artisane engag\u00e9e dans le recyclage du verre non recyclable, je ne peux qu\u2019applaudir ce genre d\u2019initiative. C\u2019est exactement ce type d\u2019\u00e9veil que j\u2019essaie de transmettre \u00e0 travers mon travail. L\u2019id\u00e9e que chaque geste compte. Que m\u00eame les mat\u00e9riaux dits \u201cbons pour la benne\u201d peuvent se transformer, raconter une nouvelle histoire. Ce que fait l\u2019\u00e9cole de Tronget est profond\u00e9ment inspirant.<\/p>\n\n\n\n<p>J\u2019aimerais voir <strong>davantage de projets comme celui-ci<\/strong> \u00e9clore dans nos villages, nos villes, nos quartiers. Car c\u2019est par l\u2019\u00e9ducation, par l\u2019exemple, et par l\u2019action collective que nous b\u00e2tirons une soci\u00e9t\u00e9 plus juste, plus belle, et plus durable.<\/p>\n\n\n\n<p><a href=\"https:\/\/www.lamontagne.fr\/tronget-03240\/actualites\/e3d-un-label-delivre-pour-le-territoire_14696180\">https:\/\/www.lamontagne.fr\/tronget-03240\/actualites\/e3d-un-label-delivre-pour-le-territoire_14696180<\/a><\/p>\n\n\n\n<p><\/p>","protected":false},"excerpt":{"rendered":"<p>\u00c9cole E3D d\u00e9veloppement durable \u00e0 Tronget \u2013 exemple inspirant et action \u00e9co-citoyenne Il y a des nouvelles qui font chaud au c\u0153ur. Celle de l\u2019\u00e9cole de Tronget, r\u00e9cemment labellis\u00e9e E3D (\u00c9cole en D\u00e9marche de D\u00e9veloppement Durable), en fait partie. Dans un monde qui cherche encore trop souvent \u00e0 concilier \u00e9ducation et \u00e9cologie, voir une petite [&hellip;]<\/p>\n","protected":false},"author":1,"featured_media":0,"comment_status":"open","ping_status":"open","sticky":false,"template":"","format":"standard","meta":{"_jetpack_memberships_contains_paid_content":false,"footnotes":""},"categories":[201],"tags":[],"class_list":["post-5291","post","type-post","status-publish","format-standard","hentry","category-ecologie-et-consommation-responsable","entry","owp-thumbs-layout-vertical","owp-btn-big","owp-tabs-layout-horizontal","has-no-thumbnails","has-product-nav"],"yoast_head":"<!-- This site is optimized with the Yoast SEO plugin v27.4 - https:\/\/yoast.com\/product\/yoast-seo-wordpress\/ -->\n<title>Une \u00e9cole engag\u00e9e dans le d\u00e9veloppement durable \u00e0 Tronget<\/title>\n<meta name=\"description\" content=\"L\u2019\u00e9cole de Tronget obtient le label E3D et montre l\u2019exemple d\u2019une \u00e9ducation engag\u00e9e pour le d\u00e9veloppement durable.\" \/>\n<meta name=\"robots\" content=\"index, follow, max-snippet:-1, max-image-preview:large, max-video-preview:-1\" \/>\n<link rel=\"canonical\" href=\"https:\/\/www.verredart.fr\/en\/ecole-developpement-durable-tronget\/\" \/>\n<meta property=\"og:locale\" content=\"en_US\" \/>\n<meta property=\"og:type\" content=\"article\" \/>\n<meta property=\"og:title\" content=\"Une \u00e9cole engag\u00e9e dans le d\u00e9veloppement durable \u00e0 Tronget\" \/>\n<meta property=\"og:description\" content=\"L\u2019\u00e9cole de Tronget obtient le label E3D et montre l\u2019exemple d\u2019une \u00e9ducation engag\u00e9e pour le d\u00e9veloppement durable.\" \/>\n<meta property=\"og:url\" content=\"https:\/\/www.verredart.fr\/en\/ecole-developpement-durable-tronget\/\" \/>\n<meta property=\"og:site_name\" content=\"Verre d&#039;Art\" \/>\n<meta property=\"article:publisher\" content=\"https:\/\/www.facebook.com\/Verredart\" \/>\n<meta property=\"article:author\" content=\"https:\/\/www.facebook.com\/Verredart\" \/>\n<meta property=\"article:published_time\" content=\"2025-05-31T12:39:13+00:00\" \/>\n<meta property=\"article:modified_time\" content=\"2026-01-23T08:12:07+00:00\" \/>\n<meta name=\"author\" content=\"Andreia MATOS\" \/>\n<meta name=\"twitter:card\" content=\"summary_large_image\" \/>\n<meta name=\"twitter:creator\" content=\"@verredart\" \/>\n<meta name=\"twitter:site\" content=\"@verredart\" \/>\n<meta name=\"twitter:label1\" content=\"Written by\" \/>\n\t<meta name=\"twitter:data1\" content=\"Andreia MATOS\" \/>\n\t<meta name=\"twitter:label2\" content=\"Est. reading time\" \/>\n\t<meta name=\"twitter:data2\" content=\"2 minutes\" \/>\n<script type=\"application\/ld+json\" class=\"yoast-schema-graph\">{\"@context\":\"https:\\\/\\\/schema.org\",\"@graph\":[{\"@type\":\"Article\",\"@id\":\"https:\\\/\\\/www.verredart.fr\\\/ecole-developpement-durable-tronget\\\/#article\",\"isPartOf\":{\"@id\":\"https:\\\/\\\/www.verredart.fr\\\/ecole-developpement-durable-tronget\\\/\"},\"author\":{\"name\":\"Andreia MATOS\",\"@id\":\"https:\\\/\\\/www.verredart.fr\\\/#\\\/schema\\\/person\\\/c769e12053a7f1c5dd6d9f8c9fca6057\"},\"headline\":\"\ud83c\udf31 Quand l\u2019\u00e9cole devient actrice du changement : l\u2019exemple inspirant de Tronget\",\"datePublished\":\"2025-05-31T12:39:13+00:00\",\"dateModified\":\"2026-01-23T08:12:07+00:00\",\"mainEntityOfPage\":{\"@id\":\"https:\\\/\\\/www.verredart.fr\\\/ecole-developpement-durable-tronget\\\/\"},\"wordCount\":365,\"commentCount\":0,\"publisher\":{\"@id\":\"https:\\\/\\\/www.verredart.fr\\\/#organization\"},\"articleSection\":[\"\u00c9cologie et consommation responsable\"],\"inLanguage\":\"en-US\",\"potentialAction\":[{\"@type\":\"CommentAction\",\"name\":\"Comment\",\"target\":[\"https:\\\/\\\/www.verredart.fr\\\/ecole-developpement-durable-tronget\\\/#respond\"]}]},{\"@type\":\"WebPage\",\"@id\":\"https:\\\/\\\/www.verredart.fr\\\/ecole-developpement-durable-tronget\\\/\",\"url\":\"https:\\\/\\\/www.verredart.fr\\\/ecole-developpement-durable-tronget\\\/\",\"name\":\"Une \u00e9cole engag\u00e9e dans le d\u00e9veloppement durable \u00e0 Tronget\",\"isPartOf\":{\"@id\":\"https:\\\/\\\/www.verredart.fr\\\/#website\"},\"datePublished\":\"2025-05-31T12:39:13+00:00\",\"dateModified\":\"2026-01-23T08:12:07+00:00\",\"description\":\"L\u2019\u00e9cole de Tronget obtient le label E3D et montre l\u2019exemple d\u2019une \u00e9ducation engag\u00e9e pour le d\u00e9veloppement durable.\",\"inLanguage\":\"en-US\",\"potentialAction\":[{\"@type\":\"ReadAction\",\"target\":[\"https:\\\/\\\/www.verredart.fr\\\/ecole-developpement-durable-tronget\\\/\"]}]},{\"@type\":\"WebSite\",\"@id\":\"https:\\\/\\\/www.verredart.fr\\\/#website\",\"url\":\"https:\\\/\\\/www.verredart.fr\\\/\",\"name\":\"Verre d'Art\",\"description\":\"Recyclage de verre non recyclable en cr\u00e9ations uniques et engag\u00e9s\",\"publisher\":{\"@id\":\"https:\\\/\\\/www.verredart.fr\\\/#organization\"},\"potentialAction\":[{\"@type\":\"SearchAction\",\"target\":{\"@type\":\"EntryPoint\",\"urlTemplate\":\"https:\\\/\\\/www.verredart.fr\\\/?s={search_term_string}\"},\"query-input\":{\"@type\":\"PropertyValueSpecification\",\"valueRequired\":true,\"valueName\":\"search_term_string\"}}],\"inLanguage\":\"en-US\"},{\"@type\":\"Organization\",\"@id\":\"https:\\\/\\\/www.verredart.fr\\\/#organization\",\"name\":\"Verre d'Art\",\"url\":\"https:\\\/\\\/www.verredart.fr\\\/\",\"logo\":{\"@type\":\"ImageObject\",\"inLanguage\":\"en-US\",\"@id\":\"https:\\\/\\\/www.verredart.fr\\\/#\\\/schema\\\/logo\\\/image\\\/\",\"url\":\"\",\"contentUrl\":\"\",\"caption\":\"Verre d'Art\"},\"image\":{\"@id\":\"https:\\\/\\\/www.verredart.fr\\\/#\\\/schema\\\/logo\\\/image\\\/\"},\"sameAs\":[\"https:\\\/\\\/www.facebook.com\\\/Verredart\",\"https:\\\/\\\/x.com\\\/verredart\",\"https:\\\/\\\/www.instagram.com\\\/Verre_dart\",\"https:\\\/\\\/www.pinterest.fr\\\/verredart\\\/\"]},{\"@type\":\"Person\",\"@id\":\"https:\\\/\\\/www.verredart.fr\\\/#\\\/schema\\\/person\\\/c769e12053a7f1c5dd6d9f8c9fca6057\",\"name\":\"Andreia MATOS\",\"image\":{\"@type\":\"ImageObject\",\"inLanguage\":\"en-US\",\"@id\":\"https:\\\/\\\/secure.gravatar.com\\\/avatar\\\/fbcf1b70eff1b1ea4661df56cd246538284ef04ec40f8e79f98a736c6fa92be2?s=96&r=g&d=https:\\\/\\\/www.verredart.fr\\\/wp-content\\\/plugins\\\/userswp\\\/assets\\\/images\\\/no_profile.png\",\"url\":\"https:\\\/\\\/secure.gravatar.com\\\/avatar\\\/fbcf1b70eff1b1ea4661df56cd246538284ef04ec40f8e79f98a736c6fa92be2?s=96&r=g&d=https:\\\/\\\/www.verredart.fr\\\/wp-content\\\/plugins\\\/userswp\\\/assets\\\/images\\\/no_profile.png\",\"contentUrl\":\"https:\\\/\\\/secure.gravatar.com\\\/avatar\\\/fbcf1b70eff1b1ea4661df56cd246538284ef04ec40f8e79f98a736c6fa92be2?s=96&r=g&d=https:\\\/\\\/www.verredart.fr\\\/wp-content\\\/plugins\\\/userswp\\\/assets\\\/images\\\/no_profile.png\",\"caption\":\"Andreia MATOS\"},\"sameAs\":[\"https:\\\/\\\/www.verredart.fr\",\"https:\\\/\\\/www.facebook.com\\\/Verredart\",\"https:\\\/\\\/www.instagram.com\\\/Verre_dart\\\/\",\"https:\\\/\\\/fr.pinterest.com\\\/verredart\\\/\",\"https:\\\/\\\/www.youtube.com\\\/channel\\\/UCBmwHQbCg0GosJTClU0geQw\"],\"url\":\"https:\\\/\\\/www.verredart.fr\\\/en\\\/utilisateurs\\\/bamrdigital\\\/\"}]}<\/script>\n<!-- \/ Yoast SEO plugin. -->","yoast_head_json":{"title":"Une \u00e9cole engag\u00e9e dans le d\u00e9veloppement durable \u00e0 Tronget","description":"L\u2019\u00e9cole de Tronget obtient le label E3D et montre l\u2019exemple d\u2019une \u00e9ducation engag\u00e9e pour le d\u00e9veloppement durable.","robots":{"index":"index","follow":"follow","max-snippet":"max-snippet:-1","max-image-preview":"max-image-preview:large","max-video-preview":"max-video-preview:-1"},"canonical":"https:\/\/www.verredart.fr\/en\/ecole-developpement-durable-tronget\/","og_locale":"en_US","og_type":"article","og_title":"Une \u00e9cole engag\u00e9e dans le d\u00e9veloppement durable \u00e0 Tronget","og_description":"L\u2019\u00e9cole de Tronget obtient le label E3D et montre l\u2019exemple d\u2019une \u00e9ducation engag\u00e9e pour le d\u00e9veloppement durable.","og_url":"https:\/\/www.verredart.fr\/en\/ecole-developpement-durable-tronget\/","og_site_name":"Verre d&#039;Art","article_publisher":"https:\/\/www.facebook.com\/Verredart","article_author":"https:\/\/www.facebook.com\/Verredart","article_published_time":"2025-05-31T12:39:13+00:00","article_modified_time":"2026-01-23T08:12:07+00:00","author":"Andreia MATOS","twitter_card":"summary_large_image","twitter_creator":"@verredart","twitter_site":"@verredart","twitter_misc":{"Written by":"Andreia MATOS","Est. reading time":"2 minutes"},"schema":{"@context":"https:\/\/schema.org","@graph":[{"@type":"Article","@id":"https:\/\/www.verredart.fr\/ecole-developpement-durable-tronget\/#article","isPartOf":{"@id":"https:\/\/www.verredart.fr\/ecole-developpement-durable-tronget\/"},"author":{"name":"Andreia MATOS","@id":"https:\/\/www.verredart.fr\/#\/schema\/person\/c769e12053a7f1c5dd6d9f8c9fca6057"},"headline":"\ud83c\udf31 Quand l\u2019\u00e9cole devient actrice du changement : l\u2019exemple inspirant de Tronget","datePublished":"2025-05-31T12:39:13+00:00","dateModified":"2026-01-23T08:12:07+00:00","mainEntityOfPage":{"@id":"https:\/\/www.verredart.fr\/ecole-developpement-durable-tronget\/"},"wordCount":365,"commentCount":0,"publisher":{"@id":"https:\/\/www.verredart.fr\/#organization"},"articleSection":["\u00c9cologie et consommation responsable"],"inLanguage":"en-US","potentialAction":[{"@type":"CommentAction","name":"Comment","target":["https:\/\/www.verredart.fr\/ecole-developpement-durable-tronget\/#respond"]}]},{"@type":"WebPage","@id":"https:\/\/www.verredart.fr\/ecole-developpement-durable-tronget\/","url":"https:\/\/www.verredart.fr\/ecole-developpement-durable-tronget\/","name":"Une \u00e9cole engag\u00e9e dans le d\u00e9veloppement durable \u00e0 Tronget","isPartOf":{"@id":"https:\/\/www.verredart.fr\/#website"},"datePublished":"2025-05-31T12:39:13+00:00","dateModified":"2026-01-23T08:12:07+00:00","description":"L\u2019\u00e9cole de Tronget obtient le label E3D et montre l\u2019exemple d\u2019une \u00e9ducation engag\u00e9e pour le d\u00e9veloppement durable.","inLanguage":"en-US","potentialAction":[{"@type":"ReadAction","target":["https:\/\/www.verredart.fr\/ecole-developpement-durable-tronget\/"]}]},{"@type":"WebSite","@id":"https:\/\/www.verredart.fr\/#website","url":"https:\/\/www.verredart.fr\/","name":"Verre d'Art","description":"Recyclage de verre non recyclable en cr\u00e9ations uniques et engag\u00e9s","publisher":{"@id":"https:\/\/www.verredart.fr\/#organization"},"potentialAction":[{"@type":"SearchAction","target":{"@type":"EntryPoint","urlTemplate":"https:\/\/www.verredart.fr\/?s={search_term_string}"},"query-input":{"@type":"PropertyValueSpecification","valueRequired":true,"valueName":"search_term_string"}}],"inLanguage":"en-US"},{"@type":"Organization","@id":"https:\/\/www.verredart.fr\/#organization","name":"Verre d'Art","url":"https:\/\/www.verredart.fr\/","logo":{"@type":"ImageObject","inLanguage":"en-US","@id":"https:\/\/www.verredart.fr\/#\/schema\/logo\/image\/","url":"","contentUrl":"","caption":"Verre d'Art"},"image":{"@id":"https:\/\/www.verredart.fr\/#\/schema\/logo\/image\/"},"sameAs":["https:\/\/www.facebook.com\/Verredart","https:\/\/x.com\/verredart","https:\/\/www.instagram.com\/Verre_dart","https:\/\/www.pinterest.fr\/verredart\/"]},{"@type":"Person","@id":"https:\/\/www.verredart.fr\/#\/schema\/person\/c769e12053a7f1c5dd6d9f8c9fca6057","name":"Andreia MATOS","image":{"@type":"ImageObject","inLanguage":"en-US","@id":"https:\/\/secure.gravatar.com\/avatar\/fbcf1b70eff1b1ea4661df56cd246538284ef04ec40f8e79f98a736c6fa92be2?s=96&r=g&d=https:\/\/www.verredart.fr\/wp-content\/plugins\/userswp\/assets\/images\/no_profile.png","url":"https:\/\/secure.gravatar.com\/avatar\/fbcf1b70eff1b1ea4661df56cd246538284ef04ec40f8e79f98a736c6fa92be2?s=96&r=g&d=https:\/\/www.verredart.fr\/wp-content\/plugins\/userswp\/assets\/images\/no_profile.png","contentUrl":"https:\/\/secure.gravatar.com\/avatar\/fbcf1b70eff1b1ea4661df56cd246538284ef04ec40f8e79f98a736c6fa92be2?s=96&r=g&d=https:\/\/www.verredart.fr\/wp-content\/plugins\/userswp\/assets\/images\/no_profile.png","caption":"Andreia MATOS"},"sameAs":["https:\/\/www.verredart.fr","https:\/\/www.facebook.com\/Verredart","https:\/\/www.instagram.com\/Verre_dart\/","https:\/\/fr.pinterest.com\/verredart\/","https:\/\/www.youtube.com\/channel\/UCBmwHQbCg0GosJTClU0geQw"],"url":"https:\/\/www.verredart.fr\/en\/utilisateurs\/bamrdigital\/"}]}},"jetpack_featured_media_url":"","jetpack_sharing_enabled":true,"_links":{"self":[{"href":"https:\/\/www.verredart.fr\/en\/wp-json\/wp\/v2\/posts\/5291","targetHints":{"allow":["GET"]}}],"collection":[{"href":"https:\/\/www.verredart.fr\/en\/wp-json\/wp\/v2\/posts"}],"about":[{"href":"https:\/\/www.verredart.fr\/en\/wp-json\/wp\/v2\/types\/post"}],"author":[{"embeddable":true,"href":"https:\/\/www.verredart.fr\/en\/wp-json\/wp\/v2\/users\/1"}],"replies":[{"embeddable":true,"href":"https:\/\/www.verredart.fr\/en\/wp-json\/wp\/v2\/comments?post=5291"}],"version-history":[{"count":2,"href":"https:\/\/www.verredart.fr\/en\/wp-json\/wp\/v2\/posts\/5291\/revisions"}],"predecessor-version":[{"id":6518,"href":"https:\/\/www.verredart.fr\/en\/wp-json\/wp\/v2\/posts\/5291\/revisions\/6518"}],"wp:attachment":[{"href":"https:\/\/www.verredart.fr\/en\/wp-json\/wp\/v2\/media?parent=5291"}],"wp:term":[{"taxonomy":"category","embeddable":true,"href":"https:\/\/www.verredart.fr\/en\/wp-json\/wp\/v2\/categories?post=5291"},{"taxonomy":"post_tag","embeddable":true,"href":"https:\/\/www.verredart.fr\/en\/wp-json\/wp\/v2\/tags?post=5291"}],"curies":[{"name":"wp","href":"https:\/\/api.w.org\/{rel}","templated":true}]}}