{"id":6038,"date":"2025-11-01T08:56:16","date_gmt":"2025-11-01T08:56:16","guid":{"rendered":"https:\/\/www.verredart.fr\/?p=6038"},"modified":"2026-01-23T10:00:08","modified_gmt":"2026-01-23T10:00:08","slug":"le-progres-parle-de-mon-atelier-%e2%9c%a8","status":"publish","type":"post","link":"https:\/\/www.verredart.fr\/en\/le-progres-parle-de-mon-atelier-%e2%9c%a8\/","title":{"rendered":"Le Progr\u00e8s parle de mon atelier de verre recycl\u00e9 non recyclable \u00e0 Le Crozet\u2728"},"content":{"rendered":"<figure class=\"wp-block-image size-full\"><img data-recalc-dims=\"1\" fetchpriority=\"high\" decoding=\"async\" width=\"1000\" height=\"500\" src=\"https:\/\/i0.wp.com\/www.verredart.fr\/wp-content\/uploads\/2025\/11\/andreia-matos-travaille-le-verre-au-chalumeau-photo-jean-marquet-1761761990.jpg?resize=1000%2C500&#038;ssl=1\" alt=\"Le Progr\u00e8s parle de mon atelier de verre recycl\u00e9 non recyclable \u00e0 Le Crozet\" class=\"wp-image-6530\" srcset=\"https:\/\/i0.wp.com\/www.verredart.fr\/wp-content\/uploads\/2025\/11\/andreia-matos-travaille-le-verre-au-chalumeau-photo-jean-marquet-1761761990.jpg?w=1000&amp;ssl=1 1000w, https:\/\/i0.wp.com\/www.verredart.fr\/wp-content\/uploads\/2025\/11\/andreia-matos-travaille-le-verre-au-chalumeau-photo-jean-marquet-1761761990.jpg?resize=300%2C150&amp;ssl=1 300w, https:\/\/i0.wp.com\/www.verredart.fr\/wp-content\/uploads\/2025\/11\/andreia-matos-travaille-le-verre-au-chalumeau-photo-jean-marquet-1761761990.jpg?resize=768%2C384&amp;ssl=1 768w, https:\/\/i0.wp.com\/www.verredart.fr\/wp-content\/uploads\/2025\/11\/andreia-matos-travaille-le-verre-au-chalumeau-photo-jean-marquet-1761761990.jpg?resize=18%2C9&amp;ssl=1 18w\" sizes=\"(max-width: 1000px) 100vw, 1000px\" \/><\/figure>\n\n\n\n<p>Je partage aujourd\u2019hui une belle reconnaissance : <strong>le journal <em>Le Progr\u00e8s<\/em> parle de mon atelier<\/strong>.<br>Cet article met en lumi\u00e8re mon installation r\u00e9cente \u00e0 <strong>Le Crozet (42)<\/strong>.<\/p>\n\n\n\n<p>Il pr\u00e9sente aussi mon engagement pour le <strong>recyclage du verre non recyclable<\/strong>.<br>Enfin, il explique comment je transforme cette mati\u00e8re en <strong>cr\u00e9ations artisanales uniques<\/strong>.<\/p>\n\n\n\n<hr class=\"wp-block-separator has-alpha-channel-opacity\"\/>\n\n\n\n<h2 class=\"wp-block-heading\">L\u2019article de <em>Le Progr\u00e8s<\/em> en quelques mots<\/h2>\n\n\n\n<p><em>Le Progr\u00e8s<\/em> a publi\u00e9 un reportage consacr\u00e9 \u00e0 mon atelier-boutique de verre d\u2019art.<br>Il se situe <strong>place Mario-Meunier, \u00e0 Le Crozet<\/strong>.<\/p>\n\n\n\n<p>L\u2019article met en avant mon m\u00e9tier de <strong>fileuse de verre au chalumeau<\/strong>.<br>Il explique comment je recycle du verre non recyclable pour cr\u00e9er :<\/p>\n\n\n\n<ul class=\"wp-block-list\">\n<li>des bijoux<\/li>\n\n\n\n<li>des accessoires pour cheveux<\/li>\n\n\n\n<li>des objets utiles et d\u00e9coratifs<\/li>\n<\/ul>\n\n\n\n<p>Ainsi, le reportage montre le lien entre artisanat, \u00e9cologie et vie locale.<\/p>\n\n\n\n<p>\ud83d\udc49 L\u2019article est consultable ici :<br><strong>Le Progr\u00e8s \u2013 Un atelier-boutique de verre d\u2019art place Mario-Meunier<\/strong><\/p>\n\n\n\n<hr class=\"wp-block-separator has-alpha-channel-opacity\"\/>\n\n\n\n<h2 class=\"wp-block-heading\">Une reconnaissance importante pour mon projet<\/h2>\n\n\n\n<p>Cette parution repr\u00e9sente une \u00e9tape forte pour mon activit\u00e9.<br>Elle valorise \u00e0 la fois mon travail et mon engagement environnemental.<\/p>\n\n\n\n<p>Elle souligne notamment :<\/p>\n\n\n\n<ul class=\"wp-block-list\">\n<li>le <strong>recyclage du verre non recyclable<\/strong>,<\/li>\n\n\n\n<li>l\u2019<strong>artisanat d\u2019art local<\/strong>,<\/li>\n\n\n\n<li>une d\u00e9marche respectueuse de l\u2019environnement.<\/li>\n<\/ul>\n\n\n\n<p>Je remercie sinc\u00e8rement <em>Le Progr\u00e8s<\/em> pour cette mise en lumi\u00e8re.<br>Je remercie aussi toutes les personnes qui soutiennent ce projet.<\/p>\n\n\n\n<hr class=\"wp-block-separator has-alpha-channel-opacity\"\/>\n\n\n\n<h2 class=\"wp-block-heading\">Mon atelier \u00e0 Le Crozet<\/h2>\n\n\n\n<p>Mon atelier-boutique se trouve <strong>au 30 place Mario-Meunier, \u00e0 Le Crozet<\/strong>.<br>J\u2019y travaille chaque jour le verre au chalumeau.<\/p>\n\n\n\n<p>Je transforme des mat\u00e9riaux souvent jet\u00e9s.<br>Il s\u2019agit notamment de vaisselle, de vitraux ou de cristal.<\/p>\n\n\n\n<p>Chaque pi\u00e8ce na\u00eet d\u2019un geste pr\u00e9cis.<br>Chaque cr\u00e9ation raconte une nouvelle histoire.<\/p>\n\n\n\n<hr class=\"wp-block-separator has-alpha-channel-opacity\"\/>\n\n\n\n<h2 class=\"wp-block-heading\">Une d\u00e9marche locale, artisanale et \u00e9cologique<\/h2>\n\n\n\n<p>Mon travail repose sur trois piliers essentiels.<br>D\u2019abord, le <strong>recyclage du verre non recyclable<\/strong>.<br>Ensuite, un <strong>savoir-faire artisanal ma\u00eetris\u00e9<\/strong>.<br>Enfin, une volont\u00e9 de <strong>r\u00e9duire les d\u00e9chets<\/strong>.<\/p>\n\n\n\n<p>Ainsi, je propose une alternative \u00e0 la production industrielle.<br>Je privil\u00e9gie le local, le durable et le fait main.<\/p>\n\n\n\n<hr class=\"wp-block-separator has-alpha-channel-opacity\"\/>\n\n\n\n<h2 class=\"wp-block-heading\">Merci pour votre soutien<\/h2>\n\n\n\n<p>Cette publication n\u2019aurait pas de sens sans vous.<br>Clients, visiteurs et partenaires font vivre ce projet.<\/p>\n\n\n\n<p>Votre curiosit\u00e9 et votre confiance me permettent d\u2019avancer.<br>Cr\u00e9ation apr\u00e8s cr\u00e9ation, l\u2019aventure continue.<\/p>\n\n\n\n<hr class=\"wp-block-separator has-alpha-channel-opacity\"\/>\n\n\n\n<h2 class=\"wp-block-heading\">D\u00e9couvrir mes cr\u00e9ations<\/h2>\n\n\n\n<p>\ud83d\udc49 Pour explorer mes cr\u00e9ations en <strong>verre recycl\u00e9 non recyclable<\/strong>, rendez-vous sur :<\/p>\n\n\n\n<ul class=\"wp-block-list\">\n<li>les bijoux et accessoires<\/li>\n\n\n\n<li>les accessoires pour cheveux<\/li>\n\n\n\n<li>les objets d\u00e9coratifs et utilitaires<\/li>\n\n\n\n<li>les ateliers cr\u00e9atifs \u00e0 Le Crozet<\/li>\n<\/ul>\n\n\n\n<p>\ud83d\udc49 Lis l\u2019article complet ici : <a href=\"https:\/\/www.leprogres.fr\/societe\/2025\/10\/29\/un-atelier-boutique-de-verre-d-art-place-mario-meunier?utm_source=chatgpt.com\">Le Progr\u00e8s \u2013 Un atelier-boutique de verre d\u2019art place Mario-Meunier<\/a><\/p>\n\n\n\n<p><\/p>","protected":false},"excerpt":{"rendered":"<p>Je partage aujourd\u2019hui une belle reconnaissance : le journal Le Progr\u00e8s parle de mon atelier.Cet article met en lumi\u00e8re mon installation r\u00e9cente \u00e0 Le Crozet (42). Il pr\u00e9sente aussi mon engagement pour le recyclage du verre non recyclable.Enfin, il explique comment je transforme cette mati\u00e8re en cr\u00e9ations artisanales uniques. L\u2019article de Le Progr\u00e8s en quelques [&hellip;]<\/p>\n","protected":false},"author":1,"featured_media":0,"comment_status":"open","ping_status":"open","sticky":false,"template":"","format":"standard","meta":{"_jetpack_memberships_contains_paid_content":false,"footnotes":""},"categories":[214],"tags":[],"class_list":["post-6038","post","type-post","status-publish","format-standard","hentry","category-la-presse-en-parle","entry","owp-thumbs-layout-vertical","owp-btn-big","owp-tabs-layout-horizontal","has-no-thumbnails","has-product-nav"],"yoast_head":"<!-- This site is optimized with the Yoast SEO plugin v27.4 - https:\/\/yoast.com\/product\/yoast-seo-wordpress\/ -->\n<title>Le Progr\u00e8s parle de mon atelier de verre recycl\u00e9 non recyclable<\/title>\n<meta name=\"description\" content=\"Journal - Le Progr\u00e8s parle de mon atelier de verre recycl\u00e9 non recyclable \u00e0 Le Crozet. Atelier-boutique de recyclage du verre non recyclable.\" \/>\n<meta name=\"robots\" content=\"index, follow, max-snippet:-1, max-image-preview:large, max-video-preview:-1\" \/>\n<link rel=\"canonical\" href=\"https:\/\/www.verredart.fr\/en\/le-progres-parle-de-mon-atelier-\u2728\/\" \/>\n<meta property=\"og:locale\" content=\"en_US\" \/>\n<meta property=\"og:type\" content=\"article\" \/>\n<meta property=\"og:title\" content=\"Le Progr\u00e8s parle de mon atelier de verre recycl\u00e9 non recyclable\" \/>\n<meta property=\"og:description\" content=\"Journal - Le Progr\u00e8s parle de mon atelier de verre recycl\u00e9 non recyclable \u00e0 Le Crozet. Atelier-boutique de recyclage du verre non recyclable.\" \/>\n<meta property=\"og:url\" content=\"https:\/\/www.verredart.fr\/en\/le-progres-parle-de-mon-atelier-\u2728\/\" \/>\n<meta property=\"og:site_name\" content=\"Verre d&#039;Art\" \/>\n<meta property=\"article:publisher\" content=\"https:\/\/www.facebook.com\/Verredart\" \/>\n<meta property=\"article:author\" content=\"https:\/\/www.facebook.com\/Verredart\" \/>\n<meta property=\"article:published_time\" content=\"2025-11-01T08:56:16+00:00\" \/>\n<meta property=\"article:modified_time\" content=\"2026-01-23T10:00:08+00:00\" \/>\n<meta property=\"og:image\" content=\"https:\/\/www.verredart.fr\/wp-content\/uploads\/2025\/11\/andreia-matos-travaille-le-verre-au-chalumeau-photo-jean-marquet-1761761990.jpg\" \/>\n<meta name=\"author\" content=\"Andreia MATOS\" \/>\n<meta name=\"twitter:card\" content=\"summary_large_image\" \/>\n<meta name=\"twitter:creator\" content=\"@verredart\" \/>\n<meta name=\"twitter:site\" content=\"@verredart\" \/>\n<meta name=\"twitter:label1\" content=\"Written by\" \/>\n\t<meta name=\"twitter:data1\" content=\"Andreia MATOS\" \/>\n\t<meta name=\"twitter:label2\" content=\"Est. reading time\" \/>\n\t<meta name=\"twitter:data2\" content=\"3 minutes\" \/>\n<script type=\"application\/ld+json\" class=\"yoast-schema-graph\">{\"@context\":\"https:\\\/\\\/schema.org\",\"@graph\":[{\"@type\":\"Article\",\"@id\":\"https:\\\/\\\/www.verredart.fr\\\/le-progres-parle-de-mon-atelier-%e2%9c%a8\\\/#article\",\"isPartOf\":{\"@id\":\"https:\\\/\\\/www.verredart.fr\\\/le-progres-parle-de-mon-atelier-%e2%9c%a8\\\/\"},\"author\":{\"name\":\"Andreia MATOS\",\"@id\":\"https:\\\/\\\/www.verredart.fr\\\/#\\\/schema\\\/person\\\/c769e12053a7f1c5dd6d9f8c9fca6057\"},\"headline\":\"Le Progr\u00e8s parle de mon atelier de verre recycl\u00e9 non recyclable \u00e0 Le Crozet\u2728\",\"datePublished\":\"2025-11-01T08:56:16+00:00\",\"dateModified\":\"2026-01-23T10:00:08+00:00\",\"mainEntityOfPage\":{\"@id\":\"https:\\\/\\\/www.verredart.fr\\\/le-progres-parle-de-mon-atelier-%e2%9c%a8\\\/\"},\"wordCount\":441,\"commentCount\":0,\"publisher\":{\"@id\":\"https:\\\/\\\/www.verredart.fr\\\/#organization\"},\"image\":{\"@id\":\"https:\\\/\\\/www.verredart.fr\\\/le-progres-parle-de-mon-atelier-%e2%9c%a8\\\/#primaryimage\"},\"thumbnailUrl\":\"https:\\\/\\\/www.verredart.fr\\\/wp-content\\\/uploads\\\/2025\\\/11\\\/andreia-matos-travaille-le-verre-au-chalumeau-photo-jean-marquet-1761761990.jpg\",\"articleSection\":[\"La presse en parle\"],\"inLanguage\":\"en-US\",\"potentialAction\":[{\"@type\":\"CommentAction\",\"name\":\"Comment\",\"target\":[\"https:\\\/\\\/www.verredart.fr\\\/le-progres-parle-de-mon-atelier-%e2%9c%a8\\\/#respond\"]}]},{\"@type\":\"WebPage\",\"@id\":\"https:\\\/\\\/www.verredart.fr\\\/le-progres-parle-de-mon-atelier-%e2%9c%a8\\\/\",\"url\":\"https:\\\/\\\/www.verredart.fr\\\/le-progres-parle-de-mon-atelier-%e2%9c%a8\\\/\",\"name\":\"Le Progr\u00e8s parle de mon atelier de verre recycl\u00e9 non recyclable\",\"isPartOf\":{\"@id\":\"https:\\\/\\\/www.verredart.fr\\\/#website\"},\"primaryImageOfPage\":{\"@id\":\"https:\\\/\\\/www.verredart.fr\\\/le-progres-parle-de-mon-atelier-%e2%9c%a8\\\/#primaryimage\"},\"image\":{\"@id\":\"https:\\\/\\\/www.verredart.fr\\\/le-progres-parle-de-mon-atelier-%e2%9c%a8\\\/#primaryimage\"},\"thumbnailUrl\":\"https:\\\/\\\/www.verredart.fr\\\/wp-content\\\/uploads\\\/2025\\\/11\\\/andreia-matos-travaille-le-verre-au-chalumeau-photo-jean-marquet-1761761990.jpg\",\"datePublished\":\"2025-11-01T08:56:16+00:00\",\"dateModified\":\"2026-01-23T10:00:08+00:00\",\"description\":\"Journal - Le Progr\u00e8s parle de mon atelier de verre recycl\u00e9 non recyclable \u00e0 Le Crozet. Atelier-boutique de recyclage du verre non recyclable.\",\"inLanguage\":\"en-US\",\"potentialAction\":[{\"@type\":\"ReadAction\",\"target\":[\"https:\\\/\\\/www.verredart.fr\\\/le-progres-parle-de-mon-atelier-%e2%9c%a8\\\/\"]}]},{\"@type\":\"ImageObject\",\"inLanguage\":\"en-US\",\"@id\":\"https:\\\/\\\/www.verredart.fr\\\/le-progres-parle-de-mon-atelier-%e2%9c%a8\\\/#primaryimage\",\"url\":\"https:\\\/\\\/www.verredart.fr\\\/wp-content\\\/uploads\\\/2025\\\/11\\\/andreia-matos-travaille-le-verre-au-chalumeau-photo-jean-marquet-1761761990.jpg\",\"contentUrl\":\"https:\\\/\\\/www.verredart.fr\\\/wp-content\\\/uploads\\\/2025\\\/11\\\/andreia-matos-travaille-le-verre-au-chalumeau-photo-jean-marquet-1761761990.jpg\"},{\"@type\":\"WebSite\",\"@id\":\"https:\\\/\\\/www.verredart.fr\\\/#website\",\"url\":\"https:\\\/\\\/www.verredart.fr\\\/\",\"name\":\"Verre d'Art\",\"description\":\"Recyclage de verre non recyclable en cr\u00e9ations uniques et engag\u00e9s\",\"publisher\":{\"@id\":\"https:\\\/\\\/www.verredart.fr\\\/#organization\"},\"potentialAction\":[{\"@type\":\"SearchAction\",\"target\":{\"@type\":\"EntryPoint\",\"urlTemplate\":\"https:\\\/\\\/www.verredart.fr\\\/?s={search_term_string}\"},\"query-input\":{\"@type\":\"PropertyValueSpecification\",\"valueRequired\":true,\"valueName\":\"search_term_string\"}}],\"inLanguage\":\"en-US\"},{\"@type\":\"Organization\",\"@id\":\"https:\\\/\\\/www.verredart.fr\\\/#organization\",\"name\":\"Verre d'Art\",\"url\":\"https:\\\/\\\/www.verredart.fr\\\/\",\"logo\":{\"@type\":\"ImageObject\",\"inLanguage\":\"en-US\",\"@id\":\"https:\\\/\\\/www.verredart.fr\\\/#\\\/schema\\\/logo\\\/image\\\/\",\"url\":\"\",\"contentUrl\":\"\",\"caption\":\"Verre d'Art\"},\"image\":{\"@id\":\"https:\\\/\\\/www.verredart.fr\\\/#\\\/schema\\\/logo\\\/image\\\/\"},\"sameAs\":[\"https:\\\/\\\/www.facebook.com\\\/Verredart\",\"https:\\\/\\\/x.com\\\/verredart\",\"https:\\\/\\\/www.instagram.com\\\/Verre_dart\",\"https:\\\/\\\/www.pinterest.fr\\\/verredart\\\/\"]},{\"@type\":\"Person\",\"@id\":\"https:\\\/\\\/www.verredart.fr\\\/#\\\/schema\\\/person\\\/c769e12053a7f1c5dd6d9f8c9fca6057\",\"name\":\"Andreia MATOS\",\"image\":{\"@type\":\"ImageObject\",\"inLanguage\":\"en-US\",\"@id\":\"https:\\\/\\\/secure.gravatar.com\\\/avatar\\\/fbcf1b70eff1b1ea4661df56cd246538284ef04ec40f8e79f98a736c6fa92be2?s=96&r=g&d=https:\\\/\\\/www.verredart.fr\\\/wp-content\\\/plugins\\\/userswp\\\/assets\\\/images\\\/no_profile.png\",\"url\":\"https:\\\/\\\/secure.gravatar.com\\\/avatar\\\/fbcf1b70eff1b1ea4661df56cd246538284ef04ec40f8e79f98a736c6fa92be2?s=96&r=g&d=https:\\\/\\\/www.verredart.fr\\\/wp-content\\\/plugins\\\/userswp\\\/assets\\\/images\\\/no_profile.png\",\"contentUrl\":\"https:\\\/\\\/secure.gravatar.com\\\/avatar\\\/fbcf1b70eff1b1ea4661df56cd246538284ef04ec40f8e79f98a736c6fa92be2?s=96&r=g&d=https:\\\/\\\/www.verredart.fr\\\/wp-content\\\/plugins\\\/userswp\\\/assets\\\/images\\\/no_profile.png\",\"caption\":\"Andreia MATOS\"},\"sameAs\":[\"https:\\\/\\\/www.verredart.fr\",\"https:\\\/\\\/www.facebook.com\\\/Verredart\",\"https:\\\/\\\/www.instagram.com\\\/Verre_dart\\\/\",\"https:\\\/\\\/fr.pinterest.com\\\/verredart\\\/\",\"https:\\\/\\\/www.youtube.com\\\/channel\\\/UCBmwHQbCg0GosJTClU0geQw\"],\"url\":\"https:\\\/\\\/www.verredart.fr\\\/en\\\/utilisateurs\\\/bamrdigital\\\/\"}]}<\/script>\n<!-- \/ Yoast SEO plugin. -->","yoast_head_json":{"title":"Le Progr\u00e8s parle de mon atelier de verre recycl\u00e9 non recyclable","description":"Journal - Le Progr\u00e8s parle de mon atelier de verre recycl\u00e9 non recyclable \u00e0 Le Crozet. Atelier-boutique de recyclage du verre non recyclable.","robots":{"index":"index","follow":"follow","max-snippet":"max-snippet:-1","max-image-preview":"max-image-preview:large","max-video-preview":"max-video-preview:-1"},"canonical":"https:\/\/www.verredart.fr\/en\/le-progres-parle-de-mon-atelier-\u2728\/","og_locale":"en_US","og_type":"article","og_title":"Le Progr\u00e8s parle de mon atelier de verre recycl\u00e9 non recyclable","og_description":"Journal - Le Progr\u00e8s parle de mon atelier de verre recycl\u00e9 non recyclable \u00e0 Le Crozet. Atelier-boutique de recyclage du verre non recyclable.","og_url":"https:\/\/www.verredart.fr\/en\/le-progres-parle-de-mon-atelier-\u2728\/","og_site_name":"Verre d&#039;Art","article_publisher":"https:\/\/www.facebook.com\/Verredart","article_author":"https:\/\/www.facebook.com\/Verredart","article_published_time":"2025-11-01T08:56:16+00:00","article_modified_time":"2026-01-23T10:00:08+00:00","og_image":[{"url":"https:\/\/www.verredart.fr\/wp-content\/uploads\/2025\/11\/andreia-matos-travaille-le-verre-au-chalumeau-photo-jean-marquet-1761761990.jpg","type":"","width":"","height":""}],"author":"Andreia MATOS","twitter_card":"summary_large_image","twitter_creator":"@verredart","twitter_site":"@verredart","twitter_misc":{"Written by":"Andreia MATOS","Est. reading time":"3 minutes"},"schema":{"@context":"https:\/\/schema.org","@graph":[{"@type":"Article","@id":"https:\/\/www.verredart.fr\/le-progres-parle-de-mon-atelier-%e2%9c%a8\/#article","isPartOf":{"@id":"https:\/\/www.verredart.fr\/le-progres-parle-de-mon-atelier-%e2%9c%a8\/"},"author":{"name":"Andreia MATOS","@id":"https:\/\/www.verredart.fr\/#\/schema\/person\/c769e12053a7f1c5dd6d9f8c9fca6057"},"headline":"Le Progr\u00e8s parle de mon atelier de verre recycl\u00e9 non recyclable \u00e0 Le Crozet\u2728","datePublished":"2025-11-01T08:56:16+00:00","dateModified":"2026-01-23T10:00:08+00:00","mainEntityOfPage":{"@id":"https:\/\/www.verredart.fr\/le-progres-parle-de-mon-atelier-%e2%9c%a8\/"},"wordCount":441,"commentCount":0,"publisher":{"@id":"https:\/\/www.verredart.fr\/#organization"},"image":{"@id":"https:\/\/www.verredart.fr\/le-progres-parle-de-mon-atelier-%e2%9c%a8\/#primaryimage"},"thumbnailUrl":"https:\/\/www.verredart.fr\/wp-content\/uploads\/2025\/11\/andreia-matos-travaille-le-verre-au-chalumeau-photo-jean-marquet-1761761990.jpg","articleSection":["La presse en parle"],"inLanguage":"en-US","potentialAction":[{"@type":"CommentAction","name":"Comment","target":["https:\/\/www.verredart.fr\/le-progres-parle-de-mon-atelier-%e2%9c%a8\/#respond"]}]},{"@type":"WebPage","@id":"https:\/\/www.verredart.fr\/le-progres-parle-de-mon-atelier-%e2%9c%a8\/","url":"https:\/\/www.verredart.fr\/le-progres-parle-de-mon-atelier-%e2%9c%a8\/","name":"Le Progr\u00e8s parle de mon atelier de verre recycl\u00e9 non recyclable","isPartOf":{"@id":"https:\/\/www.verredart.fr\/#website"},"primaryImageOfPage":{"@id":"https:\/\/www.verredart.fr\/le-progres-parle-de-mon-atelier-%e2%9c%a8\/#primaryimage"},"image":{"@id":"https:\/\/www.verredart.fr\/le-progres-parle-de-mon-atelier-%e2%9c%a8\/#primaryimage"},"thumbnailUrl":"https:\/\/www.verredart.fr\/wp-content\/uploads\/2025\/11\/andreia-matos-travaille-le-verre-au-chalumeau-photo-jean-marquet-1761761990.jpg","datePublished":"2025-11-01T08:56:16+00:00","dateModified":"2026-01-23T10:00:08+00:00","description":"Journal - Le Progr\u00e8s parle de mon atelier de verre recycl\u00e9 non recyclable \u00e0 Le Crozet. Atelier-boutique de recyclage du verre non recyclable.","inLanguage":"en-US","potentialAction":[{"@type":"ReadAction","target":["https:\/\/www.verredart.fr\/le-progres-parle-de-mon-atelier-%e2%9c%a8\/"]}]},{"@type":"ImageObject","inLanguage":"en-US","@id":"https:\/\/www.verredart.fr\/le-progres-parle-de-mon-atelier-%e2%9c%a8\/#primaryimage","url":"https:\/\/www.verredart.fr\/wp-content\/uploads\/2025\/11\/andreia-matos-travaille-le-verre-au-chalumeau-photo-jean-marquet-1761761990.jpg","contentUrl":"https:\/\/www.verredart.fr\/wp-content\/uploads\/2025\/11\/andreia-matos-travaille-le-verre-au-chalumeau-photo-jean-marquet-1761761990.jpg"},{"@type":"WebSite","@id":"https:\/\/www.verredart.fr\/#website","url":"https:\/\/www.verredart.fr\/","name":"Verre d'Art","description":"Recyclage de verre non recyclable en cr\u00e9ations uniques et engag\u00e9s","publisher":{"@id":"https:\/\/www.verredart.fr\/#organization"},"potentialAction":[{"@type":"SearchAction","target":{"@type":"EntryPoint","urlTemplate":"https:\/\/www.verredart.fr\/?s={search_term_string}"},"query-input":{"@type":"PropertyValueSpecification","valueRequired":true,"valueName":"search_term_string"}}],"inLanguage":"en-US"},{"@type":"Organization","@id":"https:\/\/www.verredart.fr\/#organization","name":"Verre d'Art","url":"https:\/\/www.verredart.fr\/","logo":{"@type":"ImageObject","inLanguage":"en-US","@id":"https:\/\/www.verredart.fr\/#\/schema\/logo\/image\/","url":"","contentUrl":"","caption":"Verre d'Art"},"image":{"@id":"https:\/\/www.verredart.fr\/#\/schema\/logo\/image\/"},"sameAs":["https:\/\/www.facebook.com\/Verredart","https:\/\/x.com\/verredart","https:\/\/www.instagram.com\/Verre_dart","https:\/\/www.pinterest.fr\/verredart\/"]},{"@type":"Person","@id":"https:\/\/www.verredart.fr\/#\/schema\/person\/c769e12053a7f1c5dd6d9f8c9fca6057","name":"Andreia MATOS","image":{"@type":"ImageObject","inLanguage":"en-US","@id":"https:\/\/secure.gravatar.com\/avatar\/fbcf1b70eff1b1ea4661df56cd246538284ef04ec40f8e79f98a736c6fa92be2?s=96&r=g&d=https:\/\/www.verredart.fr\/wp-content\/plugins\/userswp\/assets\/images\/no_profile.png","url":"https:\/\/secure.gravatar.com\/avatar\/fbcf1b70eff1b1ea4661df56cd246538284ef04ec40f8e79f98a736c6fa92be2?s=96&r=g&d=https:\/\/www.verredart.fr\/wp-content\/plugins\/userswp\/assets\/images\/no_profile.png","contentUrl":"https:\/\/secure.gravatar.com\/avatar\/fbcf1b70eff1b1ea4661df56cd246538284ef04ec40f8e79f98a736c6fa92be2?s=96&r=g&d=https:\/\/www.verredart.fr\/wp-content\/plugins\/userswp\/assets\/images\/no_profile.png","caption":"Andreia MATOS"},"sameAs":["https:\/\/www.verredart.fr","https:\/\/www.facebook.com\/Verredart","https:\/\/www.instagram.com\/Verre_dart\/","https:\/\/fr.pinterest.com\/verredart\/","https:\/\/www.youtube.com\/channel\/UCBmwHQbCg0GosJTClU0geQw"],"url":"https:\/\/www.verredart.fr\/en\/utilisateurs\/bamrdigital\/"}]}},"jetpack_featured_media_url":"","jetpack_sharing_enabled":true,"_links":{"self":[{"href":"https:\/\/www.verredart.fr\/en\/wp-json\/wp\/v2\/posts\/6038","targetHints":{"allow":["GET"]}}],"collection":[{"href":"https:\/\/www.verredart.fr\/en\/wp-json\/wp\/v2\/posts"}],"about":[{"href":"https:\/\/www.verredart.fr\/en\/wp-json\/wp\/v2\/types\/post"}],"author":[{"embeddable":true,"href":"https:\/\/www.verredart.fr\/en\/wp-json\/wp\/v2\/users\/1"}],"replies":[{"embeddable":true,"href":"https:\/\/www.verredart.fr\/en\/wp-json\/wp\/v2\/comments?post=6038"}],"version-history":[{"count":4,"href":"https:\/\/www.verredart.fr\/en\/wp-json\/wp\/v2\/posts\/6038\/revisions"}],"predecessor-version":[{"id":6533,"href":"https:\/\/www.verredart.fr\/en\/wp-json\/wp\/v2\/posts\/6038\/revisions\/6533"}],"wp:attachment":[{"href":"https:\/\/www.verredart.fr\/en\/wp-json\/wp\/v2\/media?parent=6038"}],"wp:term":[{"taxonomy":"category","embeddable":true,"href":"https:\/\/www.verredart.fr\/en\/wp-json\/wp\/v2\/categories?post=6038"},{"taxonomy":"post_tag","embeddable":true,"href":"https:\/\/www.verredart.fr\/en\/wp-json\/wp\/v2\/tags?post=6038"}],"curies":[{"name":"wp","href":"https:\/\/api.w.org\/{rel}","templated":true}]}}