{"id":6152,"date":"2025-11-16T12:00:37","date_gmt":"2025-11-16T12:00:37","guid":{"rendered":"https:\/\/www.verredart.fr\/?p=6152"},"modified":"2025-11-16T12:32:06","modified_gmt":"2025-11-16T12:32:06","slug":"le-recyclage-du-verre-non-recyclable-le-regard-dune-fileuse-de-verre-au-chalumeau","status":"publish","type":"post","link":"https:\/\/www.verredart.fr\/en\/le-recyclage-du-verre-non-recyclable-le-regard-dune-fileuse-de-verre-au-chalumeau\/","title":{"rendered":"Le recyclage du verre non recyclable : le regard d\u2019une fileuse de verre au chalumeau"},"content":{"rendered":"<figure class=\"wp-block-image size-large\"><img data-recalc-dims=\"1\" fetchpriority=\"high\" decoding=\"async\" width=\"1024\" height=\"576\" src=\"https:\/\/i0.wp.com\/www.verredart.fr\/wp-content\/uploads\/2025\/11\/20250410_144440.jpg?resize=1024%2C576&#038;ssl=1\" alt=\"Verre non recyclable enfin recycl\u00e9 par Verre d'Art\" class=\"wp-image-6190\" srcset=\"https:\/\/i0.wp.com\/www.verredart.fr\/wp-content\/uploads\/2025\/11\/20250410_144440-scaled.jpg?resize=1024%2C576&amp;ssl=1 1024w, https:\/\/i0.wp.com\/www.verredart.fr\/wp-content\/uploads\/2025\/11\/20250410_144440-scaled.jpg?resize=300%2C169&amp;ssl=1 300w, https:\/\/i0.wp.com\/www.verredart.fr\/wp-content\/uploads\/2025\/11\/20250410_144440-scaled.jpg?resize=768%2C432&amp;ssl=1 768w, https:\/\/i0.wp.com\/www.verredart.fr\/wp-content\/uploads\/2025\/11\/20250410_144440-scaled.jpg?resize=1536%2C864&amp;ssl=1 1536w, https:\/\/i0.wp.com\/www.verredart.fr\/wp-content\/uploads\/2025\/11\/20250410_144440-scaled.jpg?resize=2048%2C1152&amp;ssl=1 2048w, https:\/\/i0.wp.com\/www.verredart.fr\/wp-content\/uploads\/2025\/11\/20250410_144440-scaled.jpg?resize=18%2C10&amp;ssl=1 18w, https:\/\/i0.wp.com\/www.verredart.fr\/wp-content\/uploads\/2025\/11\/20250410_144440-scaled.jpg?resize=800%2C450&amp;ssl=1 800w, https:\/\/i0.wp.com\/www.verredart.fr\/wp-content\/uploads\/2025\/11\/20250410_144440-scaled.jpg?w=2400&amp;ssl=1 2400w\" sizes=\"(max-width: 1024px) 100vw, 1024px\" \/><\/figure>\n\n\n\n<p>En tant que <strong><a href=\"https:\/\/www.verredart.fr\/en\/a-propos-de-verre-dart\/qui-est-verre-dart-recyclage-de-verre-dit-non-recyclable\/\">fileuse de verre au chalumeau<\/a><\/strong>, sp\u00e9cialis\u00e9e dans la transformation et le recyclage de ces mat\u00e9riaux complexes, j\u2019observe chaque jour \u00e0 quel point cette cat\u00e9gorie de verre rec\u00e8le un potentiel encore largement inexploit\u00e9. Mon travail me permet de donner une seconde vie \u00e0 des mati\u00e8res que beaucoup consid\u00e8rent comme des d\u00e9chets d\u00e9finitifs.<\/p>\n\n\n\n<p>Le verre est un mat\u00e9riau fascinant, r\u00e9put\u00e9 pour sa durabilit\u00e9 et sa capacit\u00e9 \u00e0 \u00eatre recycl\u00e9 \u00e0 l\u2019infini. Pourtant, une grande partie du verre utilis\u00e9 au quotidien \u00e9chappe encore aux fili\u00e8res de recyclage traditionnelles. Certains types de verre, souvent qualifi\u00e9s de \u00ab non recyclables \u00bb, posent de r\u00e9els d\u00e9fis techniques.<\/p>\n\n\n\n<p><strong>1. <a href=\"https:\/\/www.verredart.fr\/en\/le-recyclage-du-verre-non-recyclable\/\">Qu\u2019est-ce que le verre dit \u201cnon recyclable\u201d<\/a> ?<\/strong><\/p>\n\n\n\n<p>Contrairement au verre d\u2019emballage (pots, bouteilles, bocaux), certains verres techniques ne peuvent pas int\u00e9grer les fours de recyclage classiques, car leurs propri\u00e9t\u00e9s diff\u00e8rent :<\/p>\n\n\n\n<p>\u2022 Verre tremp\u00e9 ou s\u00e9curit<\/p>\n\n\n\n<p>\u2022 Verre borosilicate (type Pyrex)<\/p>\n\n\n\n<p>\u2022 Miroirs<\/p>\n\n\n\n<p>\u2022 Vaisselle et verrerie<\/p>\n\n\n\n<p>\u2022 Verre feuillet\u00e9 (pare-brise)<\/p>\n\n\n\n<p>\u2022 Verres contenant des additifs ou des traitements sp\u00e9cifiques<\/p>\n\n\n\n<p>Ces mat\u00e9riaux r\u00e9sistent \u00e0 la chaleur, poss\u00e8dent des points de fusion diff\u00e9rents ou int\u00e8grent des couches suppl\u00e9mentaires, ce qui perturbe les cycles classiques de recyclage.<\/p>\n\n\n\n<p><strong>2. Pourquoi ne sont-ils pas recycl\u00e9s avec les autres verres ?<\/strong><\/p>\n\n\n\n<p>Les fili\u00e8res classiques utilisent un verre d\u2019emballage qui fond autour de 1 500 \u00b0C. Les verres techniques, eux, sont con\u00e7us pour r\u00e9sister \u00e0 ces temp\u00e9ratures. Leur int\u00e9gration dans le flux classique cr\u00e9erait des inclusions solides et fragiliserait tout le lot recycl\u00e9.<\/p>\n\n\n\n<p>\u00c0 cela s\u2019ajoutent des contraintes :<\/p>\n\n\n\n<p>\u2022 compositions chimiques incompatibles,<\/p>\n\n\n\n<p>\u2022 couches plastiques ou m\u00e9talliques,<\/p>\n\n\n\n<p>\u2022 risques de contamination selon l\u2019usage initial.<\/p>\n\n\n\n<p>R\u00e9sultat : la majorit\u00e9 de ces verres est aujourd\u2019hui consid\u00e9r\u00e9e comme une perte.<\/p>\n\n\n\n<p><strong>3. Mon travail de fileuse de verre au chalumeau : transformer l\u2019irr\u00e9cyclable<\/strong><\/p>\n\n\n\n<p>Mon m\u00e9tier consiste \u00e0 <strong>chauffer, \u00e9tirer, remodeler et sculpter le verre \u00e0 la flamme<\/strong>, en exploitant pr\u00e9cis\u00e9ment ses limites et ses particularit\u00e9s. Cette ma\u00eetrise technique me permet de travailler des verres que les fili\u00e8res industrielles \u00e9cartent.<\/p>\n\n\n\n<p>Le chalumeau devient alors une v\u00e9ritable solution artisanale de revalorisation. Avec lui, je peux :<\/p>\n\n\n\n<p>\u2022 s\u00e9lectionner et trier des fragments de verre technique,<\/p>\n\n\n\n<p>\u2022 les chauffer diff\u00e9remment selon leur nature,<\/p>\n\n\n\n<p>\u2022 les transformer en pi\u00e8ces d\u00e9coratives, utilitaires ou artistiques,<\/p>\n\n\n\n<p>\u2022 prolonger la vie d\u2019un mat\u00e9riau autrement destin\u00e9 \u00e0 l\u2019enfouissement.<\/p>\n\n\n\n<p>Chaque transformation est un acte de recyclage cr\u00e9atif et minutieux.<\/p>\n\n\n\n<p><strong>4. Les possibilit\u00e9s de revalorisation : quand l\u2019art rencontre l\u2019\u00e9cologie<\/strong><\/p>\n\n\n\n<p>Le verre non recyclable peut devenir :<\/p>\n\n\n\n<p>\u2022 des bijoux en verre fil\u00e9,<\/p>\n\n\n\n<p>\u2022 des \u00e9l\u00e9ments d\u00e9coratifs uniques,<\/p>\n\n\n\n<p>\u2022 des perles,<\/p>\n\n\n\n<p>\u2022 des pi\u00e8ces d\u2019ornement ou d\u2019architecture int\u00e9rieure,<\/p>\n\n\n\n<p>\u2022 des objets utilitaires ou des mini-sculptures.<\/p>\n\n\n\n<p>L\u2019int\u00e9r\u00eat de cette approche artisanale est double :<\/p>\n\n\n\n<p>\u2022 <strong>r\u00e9duire la part de verre jet\u00e9e<\/strong>,<\/p>\n\n\n\n<p>\u2022 <strong>sensibiliser le public<\/strong> \u00e0 la valeur d\u2019un mat\u00e9riau souvent mal compris.<\/p>\n\n\n\n<p>Travailler ces verres implique de conna\u00eetre leurs r\u00e9actions \u00e0 la chaleur, leurs r\u00e9sistances, leurs tensions internes. L\u2019expertise technique devient ici une mani\u00e8re d\u2019incarner l\u2019\u00e9conomie circulaire \u00e0 l\u2019\u00e9chelle humaine.<\/p>\n\n\n\n<p><strong>5. Un engagement personnel pour une nouvelle vision du verre<\/strong><\/p>\n\n\n\n<p>\u00c0 travers mon activit\u00e9, je souhaite d\u00e9montrer que le verre dit \u201cnon recyclable\u201d n\u2019est pas une fatalit\u00e9. Chaque pi\u00e8ce transform\u00e9e t\u00e9moigne du potentiel cr\u00e9atif et \u00e9cologique de ces mat\u00e9riaux.<\/p>\n\n\n\n<p>Il existe un espace o\u00f9 l\u2019artisanat et l\u2019environnement se rencontrent : c\u2019est pr\u00e9cis\u00e9ment l\u00e0 que je place mon travail, pour redonner du sens \u00e0 ce que d\u2019autres consid\u00e8rent comme inutile.<\/p>\n\n\n\n<p><strong>Conclusion<\/strong><\/p>\n\n\n\n<p><strong><a href=\"https:\/\/www.verredart.fr\/en\/a-propos-de-verre-dart\/recyclage-de-verre-culinaire\/\">Le recyclage du verre non recyclable<\/a><\/strong> demande de repenser nos m\u00e9thodes et nos perceptions. En tant que fileuse de verre au chalumeau, je constate chaque jour qu\u2019il existe une alternative : celle de la transformation artisanale, pr\u00e9cise et passionn\u00e9e.<\/p>\n\n\n\n<p>Donner une seconde vie \u00e0 ces mat\u00e9riaux, c\u2019est participer \u00e0 un mouvement plus large : celui d\u2019une \u00e9conomie durable o\u00f9 rien ne se perd et o\u00f9 chaque fragment de mati\u00e8re peut redevenir une ressource. <\/p>\n\n\n\n<p><\/p>","protected":false},"excerpt":{"rendered":"<p>En tant que fileuse de verre au chalumeau, sp\u00e9cialis\u00e9e dans la transformation et le recyclage de ces mat\u00e9riaux complexes, j\u2019observe chaque jour \u00e0 quel point cette cat\u00e9gorie de verre rec\u00e8le un potentiel encore largement inexploit\u00e9. Mon travail me permet de donner une seconde vie \u00e0 des mati\u00e8res que beaucoup consid\u00e8rent comme des d\u00e9chets d\u00e9finitifs. Le [&hellip;]<\/p>\n","protected":false},"author":1,"featured_media":0,"comment_status":"open","ping_status":"open","sticky":false,"template":"","format":"standard","meta":{"_jetpack_memberships_contains_paid_content":false,"footnotes":""},"categories":[1],"tags":[],"class_list":["post-6152","post","type-post","status-publish","format-standard","hentry","category-recyclage-du-verre-non-recyclable","entry","owp-thumbs-layout-vertical","owp-btn-big","owp-tabs-layout-horizontal","has-no-thumbnails","has-product-nav"],"yoast_head":"<!-- This site is optimized with the Yoast SEO plugin v27.5 - https:\/\/yoast.com\/product\/yoast-seo-wordpress\/ -->\n<title>Recyclage du verre non recyclable : le regard d\u2019une fileuse de verre<\/title>\n<meta name=\"description\" content=\"D\u00e9couvrez comment je transforme du verre non recyclable en cr\u00e9ations uniques gr\u00e2ce au chalumeau : un t\u00e9moignage engag\u00e9, artisanal et \u00e9colo...\" \/>\n<meta name=\"robots\" content=\"index, follow, max-snippet:-1, max-image-preview:large, max-video-preview:-1\" \/>\n<link rel=\"canonical\" href=\"https:\/\/www.verredart.fr\/en\/le-recyclage-du-verre-non-recyclable-le-regard-dune-fileuse-de-verre-au-chalumeau\/\" \/>\n<meta property=\"og:locale\" content=\"en_US\" \/>\n<meta property=\"og:type\" content=\"article\" \/>\n<meta property=\"og:title\" content=\"Recyclage du verre non recyclable : le regard d\u2019une fileuse de verre\" \/>\n<meta property=\"og:description\" content=\"D\u00e9couvrez comment je transforme du verre non recyclable en cr\u00e9ations uniques gr\u00e2ce au chalumeau : un t\u00e9moignage engag\u00e9, artisanal et \u00e9colo...\" \/>\n<meta property=\"og:url\" content=\"https:\/\/www.verredart.fr\/en\/le-recyclage-du-verre-non-recyclable-le-regard-dune-fileuse-de-verre-au-chalumeau\/\" \/>\n<meta property=\"og:site_name\" content=\"Verre d&#039;Art\" \/>\n<meta property=\"article:publisher\" content=\"https:\/\/www.facebook.com\/Verredart\" \/>\n<meta property=\"article:author\" content=\"https:\/\/www.facebook.com\/Verredart\" \/>\n<meta property=\"article:published_time\" content=\"2025-11-16T12:00:37+00:00\" \/>\n<meta property=\"article:modified_time\" content=\"2025-11-16T12:32:06+00:00\" \/>\n<meta property=\"og:image\" content=\"https:\/\/www.verredart.fr\/wp-content\/uploads\/2025\/11\/20250410_144440-1024x576.jpg\" \/>\n<meta name=\"author\" content=\"Andreia MATOS\" \/>\n<meta name=\"twitter:card\" content=\"summary_large_image\" \/>\n<meta name=\"twitter:creator\" content=\"@verredart\" \/>\n<meta name=\"twitter:site\" content=\"@verredart\" \/>\n<meta name=\"twitter:label1\" content=\"Written by\" \/>\n\t<meta name=\"twitter:data1\" content=\"Andreia MATOS\" \/>\n\t<meta name=\"twitter:label2\" content=\"Est. reading time\" \/>\n\t<meta name=\"twitter:data2\" content=\"4 minutes\" \/>\n<script type=\"application\/ld+json\" class=\"yoast-schema-graph\">{\"@context\":\"https:\\\/\\\/schema.org\",\"@graph\":[{\"@type\":\"Article\",\"@id\":\"https:\\\/\\\/www.verredart.fr\\\/le-recyclage-du-verre-non-recyclable-le-regard-dune-fileuse-de-verre-au-chalumeau\\\/#article\",\"isPartOf\":{\"@id\":\"https:\\\/\\\/www.verredart.fr\\\/le-recyclage-du-verre-non-recyclable-le-regard-dune-fileuse-de-verre-au-chalumeau\\\/\"},\"author\":{\"name\":\"Andreia MATOS\",\"@id\":\"https:\\\/\\\/www.verredart.fr\\\/#\\\/schema\\\/person\\\/c769e12053a7f1c5dd6d9f8c9fca6057\"},\"headline\":\"Le recyclage du verre non recyclable : le regard d\u2019une fileuse de verre au chalumeau\",\"datePublished\":\"2025-11-16T12:00:37+00:00\",\"dateModified\":\"2025-11-16T12:32:06+00:00\",\"mainEntityOfPage\":{\"@id\":\"https:\\\/\\\/www.verredart.fr\\\/le-recyclage-du-verre-non-recyclable-le-regard-dune-fileuse-de-verre-au-chalumeau\\\/\"},\"wordCount\":694,\"commentCount\":0,\"publisher\":{\"@id\":\"https:\\\/\\\/www.verredart.fr\\\/#organization\"},\"image\":{\"@id\":\"https:\\\/\\\/www.verredart.fr\\\/le-recyclage-du-verre-non-recyclable-le-regard-dune-fileuse-de-verre-au-chalumeau\\\/#primaryimage\"},\"thumbnailUrl\":\"https:\\\/\\\/www.verredart.fr\\\/wp-content\\\/uploads\\\/2025\\\/11\\\/20250410_144440-1024x576.jpg\",\"articleSection\":[\"Recyclage du verre non recyclable\"],\"inLanguage\":\"en-US\",\"potentialAction\":[{\"@type\":\"CommentAction\",\"name\":\"Comment\",\"target\":[\"https:\\\/\\\/www.verredart.fr\\\/le-recyclage-du-verre-non-recyclable-le-regard-dune-fileuse-de-verre-au-chalumeau\\\/#respond\"]}]},{\"@type\":\"WebPage\",\"@id\":\"https:\\\/\\\/www.verredart.fr\\\/le-recyclage-du-verre-non-recyclable-le-regard-dune-fileuse-de-verre-au-chalumeau\\\/\",\"url\":\"https:\\\/\\\/www.verredart.fr\\\/le-recyclage-du-verre-non-recyclable-le-regard-dune-fileuse-de-verre-au-chalumeau\\\/\",\"name\":\"Recyclage du verre non recyclable : le regard d\u2019une fileuse de verre\",\"isPartOf\":{\"@id\":\"https:\\\/\\\/www.verredart.fr\\\/#website\"},\"primaryImageOfPage\":{\"@id\":\"https:\\\/\\\/www.verredart.fr\\\/le-recyclage-du-verre-non-recyclable-le-regard-dune-fileuse-de-verre-au-chalumeau\\\/#primaryimage\"},\"image\":{\"@id\":\"https:\\\/\\\/www.verredart.fr\\\/le-recyclage-du-verre-non-recyclable-le-regard-dune-fileuse-de-verre-au-chalumeau\\\/#primaryimage\"},\"thumbnailUrl\":\"https:\\\/\\\/www.verredart.fr\\\/wp-content\\\/uploads\\\/2025\\\/11\\\/20250410_144440-1024x576.jpg\",\"datePublished\":\"2025-11-16T12:00:37+00:00\",\"dateModified\":\"2025-11-16T12:32:06+00:00\",\"description\":\"D\u00e9couvrez comment je transforme du verre non recyclable en cr\u00e9ations uniques gr\u00e2ce au chalumeau : un t\u00e9moignage engag\u00e9, artisanal et \u00e9colo...\",\"inLanguage\":\"en-US\",\"potentialAction\":[{\"@type\":\"ReadAction\",\"target\":[\"https:\\\/\\\/www.verredart.fr\\\/le-recyclage-du-verre-non-recyclable-le-regard-dune-fileuse-de-verre-au-chalumeau\\\/\"]}]},{\"@type\":\"ImageObject\",\"inLanguage\":\"en-US\",\"@id\":\"https:\\\/\\\/www.verredart.fr\\\/le-recyclage-du-verre-non-recyclable-le-regard-dune-fileuse-de-verre-au-chalumeau\\\/#primaryimage\",\"url\":\"https:\\\/\\\/www.verredart.fr\\\/wp-content\\\/uploads\\\/2025\\\/11\\\/20250410_144440-1024x576.jpg\",\"contentUrl\":\"https:\\\/\\\/www.verredart.fr\\\/wp-content\\\/uploads\\\/2025\\\/11\\\/20250410_144440-1024x576.jpg\"},{\"@type\":\"WebSite\",\"@id\":\"https:\\\/\\\/www.verredart.fr\\\/#website\",\"url\":\"https:\\\/\\\/www.verredart.fr\\\/\",\"name\":\"Verre d'Art\",\"description\":\"Recyclage de verre non recyclable en cr\u00e9ations uniques et engag\u00e9s\",\"publisher\":{\"@id\":\"https:\\\/\\\/www.verredart.fr\\\/#organization\"},\"potentialAction\":[{\"@type\":\"SearchAction\",\"target\":{\"@type\":\"EntryPoint\",\"urlTemplate\":\"https:\\\/\\\/www.verredart.fr\\\/?s={search_term_string}\"},\"query-input\":{\"@type\":\"PropertyValueSpecification\",\"valueRequired\":true,\"valueName\":\"search_term_string\"}}],\"inLanguage\":\"en-US\"},{\"@type\":\"Organization\",\"@id\":\"https:\\\/\\\/www.verredart.fr\\\/#organization\",\"name\":\"Verre d'Art\",\"url\":\"https:\\\/\\\/www.verredart.fr\\\/\",\"logo\":{\"@type\":\"ImageObject\",\"inLanguage\":\"en-US\",\"@id\":\"https:\\\/\\\/www.verredart.fr\\\/#\\\/schema\\\/logo\\\/image\\\/\",\"url\":\"\",\"contentUrl\":\"\",\"caption\":\"Verre d'Art\"},\"image\":{\"@id\":\"https:\\\/\\\/www.verredart.fr\\\/#\\\/schema\\\/logo\\\/image\\\/\"},\"sameAs\":[\"https:\\\/\\\/www.facebook.com\\\/Verredart\",\"https:\\\/\\\/x.com\\\/verredart\",\"https:\\\/\\\/www.instagram.com\\\/Verre_dart\",\"https:\\\/\\\/www.pinterest.fr\\\/verredart\\\/\"]},{\"@type\":\"Person\",\"@id\":\"https:\\\/\\\/www.verredart.fr\\\/#\\\/schema\\\/person\\\/c769e12053a7f1c5dd6d9f8c9fca6057\",\"name\":\"Andreia MATOS\",\"image\":{\"@type\":\"ImageObject\",\"inLanguage\":\"en-US\",\"@id\":\"https:\\\/\\\/secure.gravatar.com\\\/avatar\\\/fbcf1b70eff1b1ea4661df56cd246538284ef04ec40f8e79f98a736c6fa92be2?s=96&r=g&d=https:\\\/\\\/www.verredart.fr\\\/wp-content\\\/plugins\\\/userswp\\\/assets\\\/images\\\/no_profile.png\",\"url\":\"https:\\\/\\\/secure.gravatar.com\\\/avatar\\\/fbcf1b70eff1b1ea4661df56cd246538284ef04ec40f8e79f98a736c6fa92be2?s=96&r=g&d=https:\\\/\\\/www.verredart.fr\\\/wp-content\\\/plugins\\\/userswp\\\/assets\\\/images\\\/no_profile.png\",\"contentUrl\":\"https:\\\/\\\/secure.gravatar.com\\\/avatar\\\/fbcf1b70eff1b1ea4661df56cd246538284ef04ec40f8e79f98a736c6fa92be2?s=96&r=g&d=https:\\\/\\\/www.verredart.fr\\\/wp-content\\\/plugins\\\/userswp\\\/assets\\\/images\\\/no_profile.png\",\"caption\":\"Andreia MATOS\"},\"sameAs\":[\"https:\\\/\\\/www.verredart.fr\",\"https:\\\/\\\/www.facebook.com\\\/Verredart\",\"https:\\\/\\\/www.instagram.com\\\/Verre_dart\\\/\",\"https:\\\/\\\/fr.pinterest.com\\\/verredart\\\/\",\"https:\\\/\\\/www.youtube.com\\\/channel\\\/UCBmwHQbCg0GosJTClU0geQw\"],\"url\":\"https:\\\/\\\/www.verredart.fr\\\/en\\\/utilisateurs\\\/bamrdigital\\\/\"}]}<\/script>\n<!-- \/ Yoast SEO plugin. -->","yoast_head_json":{"title":"Recyclage du verre non recyclable : le regard d\u2019une fileuse de verre","description":"D\u00e9couvrez comment je transforme du verre non recyclable en cr\u00e9ations uniques gr\u00e2ce au chalumeau : un t\u00e9moignage engag\u00e9, artisanal et \u00e9colo...","robots":{"index":"index","follow":"follow","max-snippet":"max-snippet:-1","max-image-preview":"max-image-preview:large","max-video-preview":"max-video-preview:-1"},"canonical":"https:\/\/www.verredart.fr\/en\/le-recyclage-du-verre-non-recyclable-le-regard-dune-fileuse-de-verre-au-chalumeau\/","og_locale":"en_US","og_type":"article","og_title":"Recyclage du verre non recyclable : le regard d\u2019une fileuse de verre","og_description":"D\u00e9couvrez comment je transforme du verre non recyclable en cr\u00e9ations uniques gr\u00e2ce au chalumeau : un t\u00e9moignage engag\u00e9, artisanal et \u00e9colo...","og_url":"https:\/\/www.verredart.fr\/en\/le-recyclage-du-verre-non-recyclable-le-regard-dune-fileuse-de-verre-au-chalumeau\/","og_site_name":"Verre d&#039;Art","article_publisher":"https:\/\/www.facebook.com\/Verredart","article_author":"https:\/\/www.facebook.com\/Verredart","article_published_time":"2025-11-16T12:00:37+00:00","article_modified_time":"2025-11-16T12:32:06+00:00","og_image":[{"url":"https:\/\/www.verredart.fr\/wp-content\/uploads\/2025\/11\/20250410_144440-1024x576.jpg","type":"","width":"","height":""}],"author":"Andreia MATOS","twitter_card":"summary_large_image","twitter_creator":"@verredart","twitter_site":"@verredart","twitter_misc":{"Written by":"Andreia MATOS","Est. reading time":"4 minutes"},"schema":{"@context":"https:\/\/schema.org","@graph":[{"@type":"Article","@id":"https:\/\/www.verredart.fr\/le-recyclage-du-verre-non-recyclable-le-regard-dune-fileuse-de-verre-au-chalumeau\/#article","isPartOf":{"@id":"https:\/\/www.verredart.fr\/le-recyclage-du-verre-non-recyclable-le-regard-dune-fileuse-de-verre-au-chalumeau\/"},"author":{"name":"Andreia MATOS","@id":"https:\/\/www.verredart.fr\/#\/schema\/person\/c769e12053a7f1c5dd6d9f8c9fca6057"},"headline":"Le recyclage du verre non recyclable : le regard d\u2019une fileuse de verre au chalumeau","datePublished":"2025-11-16T12:00:37+00:00","dateModified":"2025-11-16T12:32:06+00:00","mainEntityOfPage":{"@id":"https:\/\/www.verredart.fr\/le-recyclage-du-verre-non-recyclable-le-regard-dune-fileuse-de-verre-au-chalumeau\/"},"wordCount":694,"commentCount":0,"publisher":{"@id":"https:\/\/www.verredart.fr\/#organization"},"image":{"@id":"https:\/\/www.verredart.fr\/le-recyclage-du-verre-non-recyclable-le-regard-dune-fileuse-de-verre-au-chalumeau\/#primaryimage"},"thumbnailUrl":"https:\/\/www.verredart.fr\/wp-content\/uploads\/2025\/11\/20250410_144440-1024x576.jpg","articleSection":["Recyclage du verre non recyclable"],"inLanguage":"en-US","potentialAction":[{"@type":"CommentAction","name":"Comment","target":["https:\/\/www.verredart.fr\/le-recyclage-du-verre-non-recyclable-le-regard-dune-fileuse-de-verre-au-chalumeau\/#respond"]}]},{"@type":"WebPage","@id":"https:\/\/www.verredart.fr\/le-recyclage-du-verre-non-recyclable-le-regard-dune-fileuse-de-verre-au-chalumeau\/","url":"https:\/\/www.verredart.fr\/le-recyclage-du-verre-non-recyclable-le-regard-dune-fileuse-de-verre-au-chalumeau\/","name":"Recyclage du verre non recyclable : le regard d\u2019une fileuse de verre","isPartOf":{"@id":"https:\/\/www.verredart.fr\/#website"},"primaryImageOfPage":{"@id":"https:\/\/www.verredart.fr\/le-recyclage-du-verre-non-recyclable-le-regard-dune-fileuse-de-verre-au-chalumeau\/#primaryimage"},"image":{"@id":"https:\/\/www.verredart.fr\/le-recyclage-du-verre-non-recyclable-le-regard-dune-fileuse-de-verre-au-chalumeau\/#primaryimage"},"thumbnailUrl":"https:\/\/www.verredart.fr\/wp-content\/uploads\/2025\/11\/20250410_144440-1024x576.jpg","datePublished":"2025-11-16T12:00:37+00:00","dateModified":"2025-11-16T12:32:06+00:00","description":"D\u00e9couvrez comment je transforme du verre non recyclable en cr\u00e9ations uniques gr\u00e2ce au chalumeau : un t\u00e9moignage engag\u00e9, artisanal et \u00e9colo...","inLanguage":"en-US","potentialAction":[{"@type":"ReadAction","target":["https:\/\/www.verredart.fr\/le-recyclage-du-verre-non-recyclable-le-regard-dune-fileuse-de-verre-au-chalumeau\/"]}]},{"@type":"ImageObject","inLanguage":"en-US","@id":"https:\/\/www.verredart.fr\/le-recyclage-du-verre-non-recyclable-le-regard-dune-fileuse-de-verre-au-chalumeau\/#primaryimage","url":"https:\/\/www.verredart.fr\/wp-content\/uploads\/2025\/11\/20250410_144440-1024x576.jpg","contentUrl":"https:\/\/www.verredart.fr\/wp-content\/uploads\/2025\/11\/20250410_144440-1024x576.jpg"},{"@type":"WebSite","@id":"https:\/\/www.verredart.fr\/#website","url":"https:\/\/www.verredart.fr\/","name":"Verre d'Art","description":"Recyclage de verre non recyclable en cr\u00e9ations uniques et engag\u00e9s","publisher":{"@id":"https:\/\/www.verredart.fr\/#organization"},"potentialAction":[{"@type":"SearchAction","target":{"@type":"EntryPoint","urlTemplate":"https:\/\/www.verredart.fr\/?s={search_term_string}"},"query-input":{"@type":"PropertyValueSpecification","valueRequired":true,"valueName":"search_term_string"}}],"inLanguage":"en-US"},{"@type":"Organization","@id":"https:\/\/www.verredart.fr\/#organization","name":"Verre d'Art","url":"https:\/\/www.verredart.fr\/","logo":{"@type":"ImageObject","inLanguage":"en-US","@id":"https:\/\/www.verredart.fr\/#\/schema\/logo\/image\/","url":"","contentUrl":"","caption":"Verre d'Art"},"image":{"@id":"https:\/\/www.verredart.fr\/#\/schema\/logo\/image\/"},"sameAs":["https:\/\/www.facebook.com\/Verredart","https:\/\/x.com\/verredart","https:\/\/www.instagram.com\/Verre_dart","https:\/\/www.pinterest.fr\/verredart\/"]},{"@type":"Person","@id":"https:\/\/www.verredart.fr\/#\/schema\/person\/c769e12053a7f1c5dd6d9f8c9fca6057","name":"Andreia MATOS","image":{"@type":"ImageObject","inLanguage":"en-US","@id":"https:\/\/secure.gravatar.com\/avatar\/fbcf1b70eff1b1ea4661df56cd246538284ef04ec40f8e79f98a736c6fa92be2?s=96&r=g&d=https:\/\/www.verredart.fr\/wp-content\/plugins\/userswp\/assets\/images\/no_profile.png","url":"https:\/\/secure.gravatar.com\/avatar\/fbcf1b70eff1b1ea4661df56cd246538284ef04ec40f8e79f98a736c6fa92be2?s=96&r=g&d=https:\/\/www.verredart.fr\/wp-content\/plugins\/userswp\/assets\/images\/no_profile.png","contentUrl":"https:\/\/secure.gravatar.com\/avatar\/fbcf1b70eff1b1ea4661df56cd246538284ef04ec40f8e79f98a736c6fa92be2?s=96&r=g&d=https:\/\/www.verredart.fr\/wp-content\/plugins\/userswp\/assets\/images\/no_profile.png","caption":"Andreia MATOS"},"sameAs":["https:\/\/www.verredart.fr","https:\/\/www.facebook.com\/Verredart","https:\/\/www.instagram.com\/Verre_dart\/","https:\/\/fr.pinterest.com\/verredart\/","https:\/\/www.youtube.com\/channel\/UCBmwHQbCg0GosJTClU0geQw"],"url":"https:\/\/www.verredart.fr\/en\/utilisateurs\/bamrdigital\/"}]}},"jetpack_featured_media_url":"","jetpack_sharing_enabled":true,"_links":{"self":[{"href":"https:\/\/www.verredart.fr\/en\/wp-json\/wp\/v2\/posts\/6152","targetHints":{"allow":["GET"]}}],"collection":[{"href":"https:\/\/www.verredart.fr\/en\/wp-json\/wp\/v2\/posts"}],"about":[{"href":"https:\/\/www.verredart.fr\/en\/wp-json\/wp\/v2\/types\/post"}],"author":[{"embeddable":true,"href":"https:\/\/www.verredart.fr\/en\/wp-json\/wp\/v2\/users\/1"}],"replies":[{"embeddable":true,"href":"https:\/\/www.verredart.fr\/en\/wp-json\/wp\/v2\/comments?post=6152"}],"version-history":[{"count":3,"href":"https:\/\/www.verredart.fr\/en\/wp-json\/wp\/v2\/posts\/6152\/revisions"}],"predecessor-version":[{"id":6192,"href":"https:\/\/www.verredart.fr\/en\/wp-json\/wp\/v2\/posts\/6152\/revisions\/6192"}],"wp:attachment":[{"href":"https:\/\/www.verredart.fr\/en\/wp-json\/wp\/v2\/media?parent=6152"}],"wp:term":[{"taxonomy":"category","embeddable":true,"href":"https:\/\/www.verredart.fr\/en\/wp-json\/wp\/v2\/categories?post=6152"},{"taxonomy":"post_tag","embeddable":true,"href":"https:\/\/www.verredart.fr\/en\/wp-json\/wp\/v2\/tags?post=6152"}],"curies":[{"name":"wp","href":"https:\/\/api.w.org\/{rel}","templated":true}]}}