{"id":6163,"date":"2025-11-10T08:37:34","date_gmt":"2025-11-10T08:37:34","guid":{"rendered":"https:\/\/www.verredart.fr\/?p=6163"},"modified":"2025-11-09T21:41:53","modified_gmt":"2025-11-09T21:41:53","slug":"recyclage-verre-loire-verre-dart","status":"publish","type":"post","link":"https:\/\/www.verredart.fr\/en\/recyclage-verre-loire-verre-dart\/","title":{"rendered":"Recyclage du verre dans la Loire : donner une seconde vie \u00e0 la mati\u00e8re \ud83c\udf3f"},"content":{"rendered":"<h1 class=\"wp-block-heading\">Un geste simple pour un grand impact<\/h1>\n\n\n\n<p>Dans la Loire, le <strong><a href=\"https:\/\/www.verredart.fr\/en\/a-propos-de-verre-dart\/recyclage-de-verre-culinaire\/\">recyclage du verre<\/a><\/strong> est un geste simple, mais essentiel.<br>Gr\u00e2ce aux nombreuses <strong>colonnes de tri<\/strong>, chacun peut d\u00e9poser ses bouteilles, bocaux et pots.<br>Ainsi, le verre est recycl\u00e9 <strong>\u00e0 100 % et \u00e0 l\u2019infini<\/strong>, sans perdre sa qualit\u00e9.<\/p>\n\n\n\n<p>Une fois collect\u00e9, il part vers des sites sp\u00e9cialis\u00e9s, comme <strong>l\u2019usine Verallia de Saint-Romain-le-Puy<\/strong>.<br>L\u00e0-bas, il est fondu puis transform\u00e9 en nouveaux emballages.<br>Recycler le verre permet non seulement de <strong>r\u00e9duire les d\u00e9chets<\/strong>, mais aussi de <strong>pr\u00e9server les ressources naturelles<\/strong>.<br>De plus, chaque bouteille d\u00e9pos\u00e9e dans la bonne colonne \u00e9vite qu\u2019elle finisse dans les ordures m\u00e9nag\u00e8res.<\/p>\n\n\n\n<hr class=\"wp-block-separator has-alpha-channel-opacity\"\/>\n\n\n\n<h2 class=\"wp-block-heading\"><a href=\"https:\/\/www.verredart.fr\/en\/le-recyclage-du-verre-non-recyclable\/\">Le verre non recyclable : un d\u00e9fi encore pr\u00e9sent<\/a><\/h2>\n\n\n\n<p>Pourtant, tout le verre ne peut pas \u00eatre recycl\u00e9 par cette fili\u00e8re.<br>En effet, les <strong>plats en Pyrex<\/strong>, <strong>lustres<\/strong>, <strong>vases<\/strong>, la <strong>vaisselle<\/strong>, les <strong>Stained glass<\/strong> ou encore le <strong>Crystal<\/strong> fondent \u00e0 des temp\u00e9ratures trop diff\u00e9rentes.<br>Ils sont donc exclus du recyclage industriel et finissent souvent \u00e0 la d\u00e9chetterie.<\/p>\n\n\n\n<p>C\u2019est pourquoi j\u2019ai choisi d\u2019agir \u00e0 mon \u00e9chelle.<br>Je r\u00e9cup\u00e8re ce <strong><a href=\"https:\/\/www.verredart.fr\/en\/a-propos-de-verre-dart\/recyclage-de-verre-culinaire\/points-de-collectes-de-verre-non-recyclable-assiettes-vase-lustres-y-serons-recycle-enfin\/\">The non-recyclable glass<\/a><\/strong> pour lui offrir une <strong>seconde vie<\/strong>.<br>Dans mon atelier \u00e0 <strong><a href=\"https:\/\/www.lecrozet.com\/\">Le Crozet<\/a><\/strong>, je le transforme \u00e0 la flamme du chalumeau.<br>Ainsi, chaque fragment devient un <strong><a href=\"https:\/\/www.verredart.fr\/en\/bijoux-ecologiques-en-verre-culinaire-recycle\/\">bijou<\/a><\/strong>, un <strong>accessoire<\/strong> ou une <strong>cr\u00e9ation durable<\/strong>.<br>Cette d\u00e9marche prouve qu\u2019on peut cr\u00e9er du beau \u00e0 partir de l\u2019oubli\u00e9.<\/p>\n\n\n\n<hr class=\"wp-block-separator has-alpha-channel-opacity\"\/>\n\n\n\n<h2 class=\"wp-block-heading\">La Loire, terre d\u2019innovation et de savoir-faire<\/h2>\n\n\n\n<p>La Loire est un d\u00e9partement fortement engag\u00e9 dans le recyclage.<br>Gr\u00e2ce \u00e0 ses <strong>centres de tri<\/strong>, ses <strong>usines de valorisation<\/strong> et ses <strong>initiatives artisanales<\/strong>, elle d\u00e9montre qu\u2019il est possible d\u2019allier \u00e9cologie et cr\u00e9ation.<br>Chaque ann\u00e9e, des milliers de tonnes de verre y sont recycl\u00e9es.<br>Cependant, pour le verre non recyclable, il reste encore beaucoup \u00e0 faire.<\/p>\n\n\n\n<p>C\u2019est pourquoi je participe \u00e0 cet \u00e9lan local :<br>\u267b\ufe0f Je <strong><a href=\"https:\/\/www.verredart.fr\/en\/a-propos-de-verre-dart\/recyclage-de-verre-culinaire\/points-de-collectes-de-verre-non-recyclable-assiettes-vase-lustres-y-serons-recycle-enfin\/\">collecte le verre<\/a><\/strong> destin\u00e9 \u00e0 \u00eatre jet\u00e9.<br>\ud83d\udd25 Je le <strong><a href=\"https:\/\/www.verredart.fr\/en\/verre-file-chalumeau-recycle-non-recyclable\/\">travaille \u00e0 la flamme<\/a><\/strong> pour le transformer.<br>\ud83d\udc9a Et je <strong><a href=\"https:\/\/www.verredart.fr\/en\/expositions-verre-dart\/\">sensibilise<\/a><\/strong> le public \u00e0 la valeur de la r\u00e9utilisation.<\/p>\n\n\n\n<p>De cette fa\u00e7on, mon travail compl\u00e8te celui des structures de recyclage traditionnelles.<\/p>\n\n\n\n<hr class=\"wp-block-separator has-alpha-channel-opacity\"\/>\n\n\n\n<h2 class=\"wp-block-heading\">Le recyclage du verre, une histoire collective<\/h2>\n\n\n\n<p>Recycler, c\u2019est avant tout une <strong>histoire humaine<\/strong>.<br>Chacun agit \u00e0 son niveau : les habitants qui trient, les collectivit\u00e9s qui collectent et les artisans qui r\u00e9inventent la mati\u00e8re.<br>Ainsi, en unissant nos gestes, nous construisons un monde plus responsable.<br>M\u00eame un \u00e9clat de verre peut alors devenir une <strong>\u0153uvre d\u2019art<\/strong>.<\/p>\n\n\n\n<hr class=\"wp-block-separator has-alpha-channel-opacity\"\/>\n\n\n\n<h2 class=\"wp-block-heading\">Et toi, que fais-tu de ton verre ?<\/h2>\n\n\n\n<p>\ud83d\udc49 Le <strong>verre recyclable<\/strong> va dans les colonnes de tri.<br>\ud83d\udc49 Le <strong>The non-recyclable glass<\/strong> peut \u00eatre d\u00e9pos\u00e9 dans les <strong>points de collecte partenaires de Verre d\u2019Art<\/strong>.<\/p>\n\n\n\n<p>Gr\u00e2ce \u00e0 ces deux gestes, chacun contribue \u00e0 la r\u00e9duction des d\u00e9chets.<br>Ensemble, continuons \u00e0 <strong>faire briller la Loire<\/strong> et \u00e0 donner du sens \u00e0 nos actions.<\/p>","protected":false},"excerpt":{"rendered":"<p>Un geste simple pour un grand impact Dans la Loire, le recyclage du verre est un geste simple, mais essentiel.Gr\u00e2ce aux nombreuses colonnes de tri, chacun peut d\u00e9poser ses bouteilles, bocaux et pots.Ainsi, le verre est recycl\u00e9 \u00e0 100 % et \u00e0 l\u2019infini, sans perdre sa qualit\u00e9. Une fois collect\u00e9, il part vers des sites [&hellip;]<\/p>\n","protected":false},"author":1,"featured_media":0,"comment_status":"open","ping_status":"open","sticky":false,"template":"","format":"standard","meta":{"_jetpack_memberships_contains_paid_content":false,"footnotes":""},"categories":[1],"tags":[],"class_list":["post-6163","post","type-post","status-publish","format-standard","hentry","category-recyclage-du-verre-non-recyclable","entry","owp-thumbs-layout-vertical","owp-btn-big","owp-tabs-layout-horizontal","has-no-thumbnails","has-product-nav"],"yoast_head":"<!-- This site is optimized with the Yoast SEO plugin v27.5 - https:\/\/yoast.com\/product\/yoast-seo-wordpress\/ -->\n<title>Recyclage du verre dans la Loire : une seconde vie avec moi<\/title>\n<meta name=\"description\" content=\"D\u00e9couvrez comment la Loire recycle le verre et comment Verre d\u2019Art transforme le verre non recyclable en cr\u00e9ations uniques et \u00e9cologiques.\" \/>\n<meta name=\"robots\" content=\"index, follow, max-snippet:-1, max-image-preview:large, max-video-preview:-1\" \/>\n<link rel=\"canonical\" href=\"https:\/\/www.verredart.fr\/en\/recyclage-verre-loire-verre-dart\/\" \/>\n<meta property=\"og:locale\" content=\"en_US\" \/>\n<meta property=\"og:type\" content=\"article\" \/>\n<meta property=\"og:title\" content=\"Recyclage du verre dans la Loire : une seconde vie avec moi\" \/>\n<meta property=\"og:description\" content=\"D\u00e9couvrez comment la Loire recycle le verre et comment Verre d\u2019Art transforme le verre non recyclable en cr\u00e9ations uniques et \u00e9cologiques.\" \/>\n<meta property=\"og:url\" content=\"https:\/\/www.verredart.fr\/en\/recyclage-verre-loire-verre-dart\/\" \/>\n<meta property=\"og:site_name\" content=\"Verre d&#039;Art\" \/>\n<meta property=\"article:publisher\" content=\"https:\/\/www.facebook.com\/Verredart\" \/>\n<meta property=\"article:author\" content=\"https:\/\/www.facebook.com\/Verredart\" \/>\n<meta property=\"article:published_time\" content=\"2025-11-10T08:37:34+00:00\" \/>\n<meta name=\"author\" content=\"Andreia MATOS\" \/>\n<meta name=\"twitter:card\" content=\"summary_large_image\" \/>\n<meta name=\"twitter:creator\" content=\"@verredart\" \/>\n<meta name=\"twitter:site\" content=\"@verredart\" \/>\n<meta name=\"twitter:label1\" content=\"Written by\" \/>\n\t<meta name=\"twitter:data1\" content=\"Andreia MATOS\" \/>\n\t<meta name=\"twitter:label2\" content=\"Est. reading time\" \/>\n\t<meta name=\"twitter:data2\" content=\"3 minutes\" \/>\n<script type=\"application\/ld+json\" class=\"yoast-schema-graph\">{\"@context\":\"https:\\\/\\\/schema.org\",\"@graph\":[{\"@type\":\"Article\",\"@id\":\"https:\\\/\\\/www.verredart.fr\\\/recyclage-verre-loire-verre-dart\\\/#article\",\"isPartOf\":{\"@id\":\"https:\\\/\\\/www.verredart.fr\\\/recyclage-verre-loire-verre-dart\\\/\"},\"author\":{\"name\":\"Andreia MATOS\",\"@id\":\"https:\\\/\\\/www.verredart.fr\\\/#\\\/schema\\\/person\\\/c769e12053a7f1c5dd6d9f8c9fca6057\"},\"headline\":\"Recyclage du verre dans la Loire : donner une seconde vie \u00e0 la mati\u00e8re \ud83c\udf3f\",\"datePublished\":\"2025-11-10T08:37:34+00:00\",\"mainEntityOfPage\":{\"@id\":\"https:\\\/\\\/www.verredart.fr\\\/recyclage-verre-loire-verre-dart\\\/\"},\"wordCount\":490,\"commentCount\":0,\"publisher\":{\"@id\":\"https:\\\/\\\/www.verredart.fr\\\/#organization\"},\"articleSection\":[\"Recyclage du verre non recyclable\"],\"inLanguage\":\"en-US\",\"potentialAction\":[{\"@type\":\"CommentAction\",\"name\":\"Comment\",\"target\":[\"https:\\\/\\\/www.verredart.fr\\\/recyclage-verre-loire-verre-dart\\\/#respond\"]}]},{\"@type\":\"WebPage\",\"@id\":\"https:\\\/\\\/www.verredart.fr\\\/recyclage-verre-loire-verre-dart\\\/\",\"url\":\"https:\\\/\\\/www.verredart.fr\\\/recyclage-verre-loire-verre-dart\\\/\",\"name\":\"Recyclage du verre dans la Loire : une seconde vie avec moi\",\"isPartOf\":{\"@id\":\"https:\\\/\\\/www.verredart.fr\\\/#website\"},\"datePublished\":\"2025-11-10T08:37:34+00:00\",\"description\":\"D\u00e9couvrez comment la Loire recycle le verre et comment Verre d\u2019Art transforme le verre non recyclable en cr\u00e9ations uniques et \u00e9cologiques.\",\"inLanguage\":\"en-US\",\"potentialAction\":[{\"@type\":\"ReadAction\",\"target\":[\"https:\\\/\\\/www.verredart.fr\\\/recyclage-verre-loire-verre-dart\\\/\"]}]},{\"@type\":\"WebSite\",\"@id\":\"https:\\\/\\\/www.verredart.fr\\\/#website\",\"url\":\"https:\\\/\\\/www.verredart.fr\\\/\",\"name\":\"Verre d'Art\",\"description\":\"Recyclage de verre non recyclable en cr\u00e9ations uniques et engag\u00e9s\",\"publisher\":{\"@id\":\"https:\\\/\\\/www.verredart.fr\\\/#organization\"},\"potentialAction\":[{\"@type\":\"SearchAction\",\"target\":{\"@type\":\"EntryPoint\",\"urlTemplate\":\"https:\\\/\\\/www.verredart.fr\\\/?s={search_term_string}\"},\"query-input\":{\"@type\":\"PropertyValueSpecification\",\"valueRequired\":true,\"valueName\":\"search_term_string\"}}],\"inLanguage\":\"en-US\"},{\"@type\":\"Organization\",\"@id\":\"https:\\\/\\\/www.verredart.fr\\\/#organization\",\"name\":\"Verre d'Art\",\"url\":\"https:\\\/\\\/www.verredart.fr\\\/\",\"logo\":{\"@type\":\"ImageObject\",\"inLanguage\":\"en-US\",\"@id\":\"https:\\\/\\\/www.verredart.fr\\\/#\\\/schema\\\/logo\\\/image\\\/\",\"url\":\"\",\"contentUrl\":\"\",\"caption\":\"Verre d'Art\"},\"image\":{\"@id\":\"https:\\\/\\\/www.verredart.fr\\\/#\\\/schema\\\/logo\\\/image\\\/\"},\"sameAs\":[\"https:\\\/\\\/www.facebook.com\\\/Verredart\",\"https:\\\/\\\/x.com\\\/verredart\",\"https:\\\/\\\/www.instagram.com\\\/Verre_dart\",\"https:\\\/\\\/www.pinterest.fr\\\/verredart\\\/\"]},{\"@type\":\"Person\",\"@id\":\"https:\\\/\\\/www.verredart.fr\\\/#\\\/schema\\\/person\\\/c769e12053a7f1c5dd6d9f8c9fca6057\",\"name\":\"Andreia MATOS\",\"image\":{\"@type\":\"ImageObject\",\"inLanguage\":\"en-US\",\"@id\":\"https:\\\/\\\/secure.gravatar.com\\\/avatar\\\/fbcf1b70eff1b1ea4661df56cd246538284ef04ec40f8e79f98a736c6fa92be2?s=96&r=g&d=https:\\\/\\\/www.verredart.fr\\\/wp-content\\\/plugins\\\/userswp\\\/assets\\\/images\\\/no_profile.png\",\"url\":\"https:\\\/\\\/secure.gravatar.com\\\/avatar\\\/fbcf1b70eff1b1ea4661df56cd246538284ef04ec40f8e79f98a736c6fa92be2?s=96&r=g&d=https:\\\/\\\/www.verredart.fr\\\/wp-content\\\/plugins\\\/userswp\\\/assets\\\/images\\\/no_profile.png\",\"contentUrl\":\"https:\\\/\\\/secure.gravatar.com\\\/avatar\\\/fbcf1b70eff1b1ea4661df56cd246538284ef04ec40f8e79f98a736c6fa92be2?s=96&r=g&d=https:\\\/\\\/www.verredart.fr\\\/wp-content\\\/plugins\\\/userswp\\\/assets\\\/images\\\/no_profile.png\",\"caption\":\"Andreia MATOS\"},\"sameAs\":[\"https:\\\/\\\/www.verredart.fr\",\"https:\\\/\\\/www.facebook.com\\\/Verredart\",\"https:\\\/\\\/www.instagram.com\\\/Verre_dart\\\/\",\"https:\\\/\\\/fr.pinterest.com\\\/verredart\\\/\",\"https:\\\/\\\/www.youtube.com\\\/channel\\\/UCBmwHQbCg0GosJTClU0geQw\"],\"url\":\"https:\\\/\\\/www.verredart.fr\\\/en\\\/utilisateurs\\\/bamrdigital\\\/\"}]}<\/script>\n<!-- \/ Yoast SEO plugin. -->","yoast_head_json":{"title":"Recyclage du verre dans la Loire : une seconde vie avec moi","description":"D\u00e9couvrez comment la Loire recycle le verre et comment Verre d\u2019Art transforme le verre non recyclable en cr\u00e9ations uniques et \u00e9cologiques.","robots":{"index":"index","follow":"follow","max-snippet":"max-snippet:-1","max-image-preview":"max-image-preview:large","max-video-preview":"max-video-preview:-1"},"canonical":"https:\/\/www.verredart.fr\/en\/recyclage-verre-loire-verre-dart\/","og_locale":"en_US","og_type":"article","og_title":"Recyclage du verre dans la Loire : une seconde vie avec moi","og_description":"D\u00e9couvrez comment la Loire recycle le verre et comment Verre d\u2019Art transforme le verre non recyclable en cr\u00e9ations uniques et \u00e9cologiques.","og_url":"https:\/\/www.verredart.fr\/en\/recyclage-verre-loire-verre-dart\/","og_site_name":"Verre d&#039;Art","article_publisher":"https:\/\/www.facebook.com\/Verredart","article_author":"https:\/\/www.facebook.com\/Verredart","article_published_time":"2025-11-10T08:37:34+00:00","author":"Andreia MATOS","twitter_card":"summary_large_image","twitter_creator":"@verredart","twitter_site":"@verredart","twitter_misc":{"Written by":"Andreia MATOS","Est. reading time":"3 minutes"},"schema":{"@context":"https:\/\/schema.org","@graph":[{"@type":"Article","@id":"https:\/\/www.verredart.fr\/recyclage-verre-loire-verre-dart\/#article","isPartOf":{"@id":"https:\/\/www.verredart.fr\/recyclage-verre-loire-verre-dart\/"},"author":{"name":"Andreia MATOS","@id":"https:\/\/www.verredart.fr\/#\/schema\/person\/c769e12053a7f1c5dd6d9f8c9fca6057"},"headline":"Recyclage du verre dans la Loire : donner une seconde vie \u00e0 la mati\u00e8re \ud83c\udf3f","datePublished":"2025-11-10T08:37:34+00:00","mainEntityOfPage":{"@id":"https:\/\/www.verredart.fr\/recyclage-verre-loire-verre-dart\/"},"wordCount":490,"commentCount":0,"publisher":{"@id":"https:\/\/www.verredart.fr\/#organization"},"articleSection":["Recyclage du verre non recyclable"],"inLanguage":"en-US","potentialAction":[{"@type":"CommentAction","name":"Comment","target":["https:\/\/www.verredart.fr\/recyclage-verre-loire-verre-dart\/#respond"]}]},{"@type":"WebPage","@id":"https:\/\/www.verredart.fr\/recyclage-verre-loire-verre-dart\/","url":"https:\/\/www.verredart.fr\/recyclage-verre-loire-verre-dart\/","name":"Recyclage du verre dans la Loire : une seconde vie avec moi","isPartOf":{"@id":"https:\/\/www.verredart.fr\/#website"},"datePublished":"2025-11-10T08:37:34+00:00","description":"D\u00e9couvrez comment la Loire recycle le verre et comment Verre d\u2019Art transforme le verre non recyclable en cr\u00e9ations uniques et \u00e9cologiques.","inLanguage":"en-US","potentialAction":[{"@type":"ReadAction","target":["https:\/\/www.verredart.fr\/recyclage-verre-loire-verre-dart\/"]}]},{"@type":"WebSite","@id":"https:\/\/www.verredart.fr\/#website","url":"https:\/\/www.verredart.fr\/","name":"Verre d'Art","description":"Recyclage de verre non recyclable en cr\u00e9ations uniques et engag\u00e9s","publisher":{"@id":"https:\/\/www.verredart.fr\/#organization"},"potentialAction":[{"@type":"SearchAction","target":{"@type":"EntryPoint","urlTemplate":"https:\/\/www.verredart.fr\/?s={search_term_string}"},"query-input":{"@type":"PropertyValueSpecification","valueRequired":true,"valueName":"search_term_string"}}],"inLanguage":"en-US"},{"@type":"Organization","@id":"https:\/\/www.verredart.fr\/#organization","name":"Verre d'Art","url":"https:\/\/www.verredart.fr\/","logo":{"@type":"ImageObject","inLanguage":"en-US","@id":"https:\/\/www.verredart.fr\/#\/schema\/logo\/image\/","url":"","contentUrl":"","caption":"Verre d'Art"},"image":{"@id":"https:\/\/www.verredart.fr\/#\/schema\/logo\/image\/"},"sameAs":["https:\/\/www.facebook.com\/Verredart","https:\/\/x.com\/verredart","https:\/\/www.instagram.com\/Verre_dart","https:\/\/www.pinterest.fr\/verredart\/"]},{"@type":"Person","@id":"https:\/\/www.verredart.fr\/#\/schema\/person\/c769e12053a7f1c5dd6d9f8c9fca6057","name":"Andreia MATOS","image":{"@type":"ImageObject","inLanguage":"en-US","@id":"https:\/\/secure.gravatar.com\/avatar\/fbcf1b70eff1b1ea4661df56cd246538284ef04ec40f8e79f98a736c6fa92be2?s=96&r=g&d=https:\/\/www.verredart.fr\/wp-content\/plugins\/userswp\/assets\/images\/no_profile.png","url":"https:\/\/secure.gravatar.com\/avatar\/fbcf1b70eff1b1ea4661df56cd246538284ef04ec40f8e79f98a736c6fa92be2?s=96&r=g&d=https:\/\/www.verredart.fr\/wp-content\/plugins\/userswp\/assets\/images\/no_profile.png","contentUrl":"https:\/\/secure.gravatar.com\/avatar\/fbcf1b70eff1b1ea4661df56cd246538284ef04ec40f8e79f98a736c6fa92be2?s=96&r=g&d=https:\/\/www.verredart.fr\/wp-content\/plugins\/userswp\/assets\/images\/no_profile.png","caption":"Andreia MATOS"},"sameAs":["https:\/\/www.verredart.fr","https:\/\/www.facebook.com\/Verredart","https:\/\/www.instagram.com\/Verre_dart\/","https:\/\/fr.pinterest.com\/verredart\/","https:\/\/www.youtube.com\/channel\/UCBmwHQbCg0GosJTClU0geQw"],"url":"https:\/\/www.verredart.fr\/en\/utilisateurs\/bamrdigital\/"}]}},"jetpack_featured_media_url":"","jetpack_sharing_enabled":true,"_links":{"self":[{"href":"https:\/\/www.verredart.fr\/en\/wp-json\/wp\/v2\/posts\/6163","targetHints":{"allow":["GET"]}}],"collection":[{"href":"https:\/\/www.verredart.fr\/en\/wp-json\/wp\/v2\/posts"}],"about":[{"href":"https:\/\/www.verredart.fr\/en\/wp-json\/wp\/v2\/types\/post"}],"author":[{"embeddable":true,"href":"https:\/\/www.verredart.fr\/en\/wp-json\/wp\/v2\/users\/1"}],"replies":[{"embeddable":true,"href":"https:\/\/www.verredart.fr\/en\/wp-json\/wp\/v2\/comments?post=6163"}],"version-history":[{"count":2,"href":"https:\/\/www.verredart.fr\/en\/wp-json\/wp\/v2\/posts\/6163\/revisions"}],"predecessor-version":[{"id":6166,"href":"https:\/\/www.verredart.fr\/en\/wp-json\/wp\/v2\/posts\/6163\/revisions\/6166"}],"wp:attachment":[{"href":"https:\/\/www.verredart.fr\/en\/wp-json\/wp\/v2\/media?parent=6163"}],"wp:term":[{"taxonomy":"category","embeddable":true,"href":"https:\/\/www.verredart.fr\/en\/wp-json\/wp\/v2\/categories?post=6163"},{"taxonomy":"post_tag","embeddable":true,"href":"https:\/\/www.verredart.fr\/en\/wp-json\/wp\/v2\/tags?post=6163"}],"curies":[{"name":"wp","href":"https:\/\/api.w.org\/{rel}","templated":true}]}}