{"id":6220,"date":"2025-12-05T11:30:00","date_gmt":"2025-12-05T11:30:00","guid":{"rendered":"https:\/\/www.verredart.fr\/?p=6220"},"modified":"2025-11-17T10:41:19","modified_gmt":"2025-11-17T10:41:19","slug":"sensibilisation-au-recyclage-du-verre-non-recyclable-a-lecole-du-crozet-janvier-2026","status":"publish","type":"post","link":"https:\/\/www.verredart.fr\/en\/sensibilisation-au-recyclage-du-verre-non-recyclable-a-lecole-du-crozet-janvier-2026\/","title":{"rendered":"Sensibilisation au recyclage du verre non recyclable \u00e0 l&rsquo;\u00e9cole du Crozet \u2013 Janvier 2026"},"content":{"rendered":"<h1 class=\"wp-block-heading\"><strong>En janvier, je sensibilise les enfants du <a href=\"https:\/\/www.lecrozet.com\/municipalite\/\">Crozet<\/a> au <a href=\"https:\/\/www.verredart.fr\/en\/a-propos-de-verre-dart\/recyclage-de-verre-culinaire\/\">recyclage du verre non recyclable<\/a><\/strong><\/h1>\n\n\n\n<figure class=\"wp-block-image size-large wp-duotone-unset-1\"><img data-recalc-dims=\"1\" fetchpriority=\"high\" decoding=\"async\" width=\"1039\" height=\"584\" src=\"https:\/\/i0.wp.com\/www.verredart.fr\/wp-content\/uploads\/2025\/11\/l-ecole-du-crozet-photo-kevin-triet-1756748761-edited.jpg?resize=1039%2C584&#038;ssl=1\" alt=\"\" class=\"wp-image-6223\" srcset=\"https:\/\/i0.wp.com\/www.verredart.fr\/wp-content\/uploads\/2025\/11\/l-ecole-du-crozet-photo-kevin-triet-1756748761-edited.jpg?w=1039&amp;ssl=1 1039w, https:\/\/i0.wp.com\/www.verredart.fr\/wp-content\/uploads\/2025\/11\/l-ecole-du-crozet-photo-kevin-triet-1756748761-edited.jpg?resize=300%2C169&amp;ssl=1 300w, https:\/\/i0.wp.com\/www.verredart.fr\/wp-content\/uploads\/2025\/11\/l-ecole-du-crozet-photo-kevin-triet-1756748761-edited.jpg?resize=1024%2C576&amp;ssl=1 1024w, https:\/\/i0.wp.com\/www.verredart.fr\/wp-content\/uploads\/2025\/11\/l-ecole-du-crozet-photo-kevin-triet-1756748761-edited.jpg?resize=768%2C432&amp;ssl=1 768w, https:\/\/i0.wp.com\/www.verredart.fr\/wp-content\/uploads\/2025\/11\/l-ecole-du-crozet-photo-kevin-triet-1756748761-edited.jpg?resize=18%2C10&amp;ssl=1 18w, https:\/\/i0.wp.com\/www.verredart.fr\/wp-content\/uploads\/2025\/11\/l-ecole-du-crozet-photo-kevin-triet-1756748761-edited.jpg?resize=800%2C450&amp;ssl=1 800w\" sizes=\"(max-width: 1039px) 100vw, 1039px\" \/><\/figure>\n\n\n\n<p><strong>Et si les gestes d\u2019aujourd\u2019hui pouvaient transformer l\u2019avenir ?<\/strong><br>En janvier, je me rends \u00e0 l\u2019\u00e9cole du Crozet (42) pour guider les enfants dans une d\u00e9couverte magique : comprendre le <strong><a href=\"https:\/\/www.verredart.fr\/en\/le-recyclage-du-verre-non-recyclable\/\">The non-recyclable glass<\/a><\/strong>, apprendre pourquoi il pollue, et d\u00e9couvrir comment je lui redonne vie gr\u00e2ce \u00e0 mon savoir-faire de fileuse de verre au chalumeau.<\/p>\n\n\n\n<h2 class=\"wp-block-heading\"><strong>Pourquoi cette intervention est importante ?<\/strong><\/h2>\n\n\n\n<p>Chaque jour, une grande partie du verre utilis\u00e9 en France termine \u00e0 l\u2019enfouissement parce qu\u2019il n\u2019entre pas dans les fili\u00e8res classiques. Pyrex, vitroc\u00e9ramique, cristal, vaisselle, lustres\u2026 tous ces mat\u00e9riaux finissent comme d\u00e9chets, alors qu\u2019ils peuvent redevenir des cr\u00e9ations uniques.<\/p>\n\n\n\n<p>En tant qu\u2019artisane engag\u00e9e dans le <strong><a href=\"https:\/\/www.verredart.fr\/en\/a-propos-de-verre-dart\/recyclage-de-verre-culinaire\/\">recyclage du verre non recyclable<\/a><\/strong>, je veux montrer aux plus jeunes que chaque geste compte. Leur transmettre cette conscience \u00e9cologique ouvre la voie \u00e0 une nouvelle g\u00e9n\u00e9ration responsable, curieuse et respectueuse de son environnement.<\/p>\n\n\n\n<h2 class=\"wp-block-heading\"><strong>Un atelier entre science, \u00e9cologie et po\u00e9sie<\/strong><\/h2>\n\n\n\n<p>Pendant mon intervention, les enfants d\u00e9couvrent :<\/p>\n\n\n\n<ul class=\"wp-block-list\">\n<li>ce qu\u2019est le <strong>The non-recyclable glass<\/strong>,<\/li>\n\n\n\n<li>pourquoi on ne peut pas le mettre dans les bennes \u00e0 verre classiques,<\/li>\n\n\n\n<li>comment je le transforme, au chalumeau, en bijoux, d\u00e9corations ou petites pi\u00e8ces utiles du quotidien.<\/li>\n<\/ul>\n\n\n\n<p>Je leur montre \u00e9galement des \u00e9chantillons, des fragments de verre r\u00e9cup\u00e9r\u00e9s, et quelques cr\u00e9ations pour leur faire comprendre la magie de la transformation.<\/p>\n\n\n\n<p>L\u2019objectif est simple : <strong>les \u00e9merveiller<\/strong>, tout en leur donnant des connaissances solides sur le recyclage et la r\u00e9duction des d\u00e9chets.<\/p>\n\n\n\n<h2 class=\"wp-block-heading\"><strong>Transmettre des valeurs durables<\/strong><\/h2>\n\n\n\n<p>J\u2019aime intervenir dans les \u00e9coles parce que chaque enfant repart avec une id\u00e9e forte :<br><strong>un d\u00e9chet peut devenir une ressource.<\/strong><\/p>\n\n\n\n<p>Ils comprennent que l\u2019on peut fabriquer beaut\u00e9, po\u00e9sie et utilit\u00e9 \u00e0 partir de ce qui est abandonn\u00e9. Et ce message, quand il est sem\u00e9 t\u00f4t, accompagne toute une vie.<\/p>\n\n\n\n<h2 class=\"wp-block-heading\"><strong>Une action locale pour un impact concret<\/strong><\/h2>\n\n\n\n<p>En sensibilisant les enfants du Crozet, je continue ma mission au c\u0153ur de la Loire :<br>r\u00e9duire les d\u00e9chets, cr\u00e9er un r\u00e9seau engag\u00e9 et encourager des gestes \u00e9cologiques accessibles \u00e0 tous.<\/p>\n\n\n\n<p>C\u2019est aussi une mani\u00e8re de renforcer les liens entre artisans, \u00e9coles et familles du territoire.<\/p>","protected":false},"excerpt":{"rendered":"<p>En janvier, je sensibilise les enfants du Crozet au recyclage du verre non recyclable Et si les gestes d\u2019aujourd\u2019hui pouvaient transformer l\u2019avenir ?En janvier, je me rends \u00e0 l\u2019\u00e9cole du Crozet (42) pour guider les enfants dans une d\u00e9couverte magique : comprendre le verre non recyclable, apprendre pourquoi il pollue, et d\u00e9couvrir comment je lui [&hellip;]<\/p>\n","protected":false},"author":1,"featured_media":0,"comment_status":"open","ping_status":"open","sticky":false,"template":"","format":"standard","meta":{"_jetpack_memberships_contains_paid_content":false,"footnotes":""},"categories":[1],"tags":[],"class_list":["post-6220","post","type-post","status-publish","format-standard","hentry","category-recyclage-du-verre-non-recyclable","entry","owp-thumbs-layout-vertical","owp-btn-big","owp-tabs-layout-horizontal","has-no-thumbnails","has-product-nav"],"yoast_head":"<!-- This site is optimized with the Yoast SEO plugin v27.4 - https:\/\/yoast.com\/product\/yoast-seo-wordpress\/ -->\n<title>Sensibilisation au recyclage du verre non recyclable au Crozet<\/title>\n<meta name=\"description\" content=\"En janvier, j\u2019interviens \u00e0 l\u2019\u00e9cole du Crozet pour sensibiliser les enfants au recyclage du verre non recyclable et transmettre mon savoir-faire.\" \/>\n<meta name=\"robots\" content=\"index, follow, max-snippet:-1, max-image-preview:large, max-video-preview:-1\" \/>\n<link rel=\"canonical\" href=\"https:\/\/www.verredart.fr\/en\/sensibilisation-au-recyclage-du-verre-non-recyclable-a-lecole-du-crozet-janvier-2026\/\" \/>\n<meta property=\"og:locale\" content=\"en_US\" \/>\n<meta property=\"og:type\" content=\"article\" \/>\n<meta property=\"og:title\" content=\"Sensibilisation au recyclage du verre non recyclable au Crozet\" \/>\n<meta property=\"og:description\" content=\"En janvier, j\u2019interviens \u00e0 l\u2019\u00e9cole du Crozet pour sensibiliser les enfants au recyclage du verre non recyclable et transmettre mon savoir-faire.\" \/>\n<meta property=\"og:url\" content=\"https:\/\/www.verredart.fr\/en\/sensibilisation-au-recyclage-du-verre-non-recyclable-a-lecole-du-crozet-janvier-2026\/\" \/>\n<meta property=\"og:site_name\" content=\"Verre d&#039;Art\" \/>\n<meta property=\"article:publisher\" content=\"https:\/\/www.facebook.com\/Verredart\" \/>\n<meta property=\"article:author\" content=\"https:\/\/www.facebook.com\/Verredart\" \/>\n<meta property=\"article:published_time\" content=\"2025-12-05T11:30:00+00:00\" \/>\n<meta property=\"og:image\" content=\"https:\/\/www.verredart.fr\/wp-content\/uploads\/2025\/11\/l-ecole-du-crozet-photo-kevin-triet-1756748761-edited.jpg\" \/>\n<meta name=\"author\" content=\"Andreia MATOS\" \/>\n<meta name=\"twitter:card\" content=\"summary_large_image\" \/>\n<meta name=\"twitter:creator\" content=\"@verredart\" \/>\n<meta name=\"twitter:site\" content=\"@verredart\" \/>\n<meta name=\"twitter:label1\" content=\"Written by\" \/>\n\t<meta name=\"twitter:data1\" content=\"Andreia MATOS\" \/>\n\t<meta name=\"twitter:label2\" content=\"Est. reading time\" \/>\n\t<meta name=\"twitter:data2\" content=\"2 minutes\" \/>\n<script type=\"application\/ld+json\" class=\"yoast-schema-graph\">{\"@context\":\"https:\\\/\\\/schema.org\",\"@graph\":[{\"@type\":\"Article\",\"@id\":\"https:\\\/\\\/www.verredart.fr\\\/sensibilisation-au-recyclage-du-verre-non-recyclable-a-lecole-du-crozet-janvier-2026\\\/#article\",\"isPartOf\":{\"@id\":\"https:\\\/\\\/www.verredart.fr\\\/sensibilisation-au-recyclage-du-verre-non-recyclable-a-lecole-du-crozet-janvier-2026\\\/\"},\"author\":{\"name\":\"Andreia MATOS\",\"@id\":\"https:\\\/\\\/www.verredart.fr\\\/#\\\/schema\\\/person\\\/c769e12053a7f1c5dd6d9f8c9fca6057\"},\"headline\":\"Sensibilisation au recyclage du verre non recyclable \u00e0 l&rsquo;\u00e9cole du Crozet \u2013 Janvier 2026\",\"datePublished\":\"2025-12-05T11:30:00+00:00\",\"mainEntityOfPage\":{\"@id\":\"https:\\\/\\\/www.verredart.fr\\\/sensibilisation-au-recyclage-du-verre-non-recyclable-a-lecole-du-crozet-janvier-2026\\\/\"},\"wordCount\":394,\"commentCount\":0,\"publisher\":{\"@id\":\"https:\\\/\\\/www.verredart.fr\\\/#organization\"},\"image\":{\"@id\":\"https:\\\/\\\/www.verredart.fr\\\/sensibilisation-au-recyclage-du-verre-non-recyclable-a-lecole-du-crozet-janvier-2026\\\/#primaryimage\"},\"thumbnailUrl\":\"https:\\\/\\\/www.verredart.fr\\\/wp-content\\\/uploads\\\/2025\\\/11\\\/l-ecole-du-crozet-photo-kevin-triet-1756748761-edited.jpg\",\"articleSection\":[\"Recyclage du verre non recyclable\"],\"inLanguage\":\"en-US\",\"potentialAction\":[{\"@type\":\"CommentAction\",\"name\":\"Comment\",\"target\":[\"https:\\\/\\\/www.verredart.fr\\\/sensibilisation-au-recyclage-du-verre-non-recyclable-a-lecole-du-crozet-janvier-2026\\\/#respond\"]}]},{\"@type\":\"WebPage\",\"@id\":\"https:\\\/\\\/www.verredart.fr\\\/sensibilisation-au-recyclage-du-verre-non-recyclable-a-lecole-du-crozet-janvier-2026\\\/\",\"url\":\"https:\\\/\\\/www.verredart.fr\\\/sensibilisation-au-recyclage-du-verre-non-recyclable-a-lecole-du-crozet-janvier-2026\\\/\",\"name\":\"Sensibilisation au recyclage du verre non recyclable au Crozet\",\"isPartOf\":{\"@id\":\"https:\\\/\\\/www.verredart.fr\\\/#website\"},\"primaryImageOfPage\":{\"@id\":\"https:\\\/\\\/www.verredart.fr\\\/sensibilisation-au-recyclage-du-verre-non-recyclable-a-lecole-du-crozet-janvier-2026\\\/#primaryimage\"},\"image\":{\"@id\":\"https:\\\/\\\/www.verredart.fr\\\/sensibilisation-au-recyclage-du-verre-non-recyclable-a-lecole-du-crozet-janvier-2026\\\/#primaryimage\"},\"thumbnailUrl\":\"https:\\\/\\\/www.verredart.fr\\\/wp-content\\\/uploads\\\/2025\\\/11\\\/l-ecole-du-crozet-photo-kevin-triet-1756748761-edited.jpg\",\"datePublished\":\"2025-12-05T11:30:00+00:00\",\"description\":\"En janvier, j\u2019interviens \u00e0 l\u2019\u00e9cole du Crozet pour sensibiliser les enfants au recyclage du verre non recyclable et transmettre mon savoir-faire.\",\"inLanguage\":\"en-US\",\"potentialAction\":[{\"@type\":\"ReadAction\",\"target\":[\"https:\\\/\\\/www.verredart.fr\\\/sensibilisation-au-recyclage-du-verre-non-recyclable-a-lecole-du-crozet-janvier-2026\\\/\"]}]},{\"@type\":\"ImageObject\",\"inLanguage\":\"en-US\",\"@id\":\"https:\\\/\\\/www.verredart.fr\\\/sensibilisation-au-recyclage-du-verre-non-recyclable-a-lecole-du-crozet-janvier-2026\\\/#primaryimage\",\"url\":\"https:\\\/\\\/www.verredart.fr\\\/wp-content\\\/uploads\\\/2025\\\/11\\\/l-ecole-du-crozet-photo-kevin-triet-1756748761-edited.jpg\",\"contentUrl\":\"https:\\\/\\\/www.verredart.fr\\\/wp-content\\\/uploads\\\/2025\\\/11\\\/l-ecole-du-crozet-photo-kevin-triet-1756748761-edited.jpg\"},{\"@type\":\"WebSite\",\"@id\":\"https:\\\/\\\/www.verredart.fr\\\/#website\",\"url\":\"https:\\\/\\\/www.verredart.fr\\\/\",\"name\":\"Verre d'Art\",\"description\":\"Recyclage de verre non recyclable en cr\u00e9ations uniques et engag\u00e9s\",\"publisher\":{\"@id\":\"https:\\\/\\\/www.verredart.fr\\\/#organization\"},\"potentialAction\":[{\"@type\":\"SearchAction\",\"target\":{\"@type\":\"EntryPoint\",\"urlTemplate\":\"https:\\\/\\\/www.verredart.fr\\\/?s={search_term_string}\"},\"query-input\":{\"@type\":\"PropertyValueSpecification\",\"valueRequired\":true,\"valueName\":\"search_term_string\"}}],\"inLanguage\":\"en-US\"},{\"@type\":\"Organization\",\"@id\":\"https:\\\/\\\/www.verredart.fr\\\/#organization\",\"name\":\"Verre d'Art\",\"url\":\"https:\\\/\\\/www.verredart.fr\\\/\",\"logo\":{\"@type\":\"ImageObject\",\"inLanguage\":\"en-US\",\"@id\":\"https:\\\/\\\/www.verredart.fr\\\/#\\\/schema\\\/logo\\\/image\\\/\",\"url\":\"\",\"contentUrl\":\"\",\"caption\":\"Verre d'Art\"},\"image\":{\"@id\":\"https:\\\/\\\/www.verredart.fr\\\/#\\\/schema\\\/logo\\\/image\\\/\"},\"sameAs\":[\"https:\\\/\\\/www.facebook.com\\\/Verredart\",\"https:\\\/\\\/x.com\\\/verredart\",\"https:\\\/\\\/www.instagram.com\\\/Verre_dart\",\"https:\\\/\\\/www.pinterest.fr\\\/verredart\\\/\"]},{\"@type\":\"Person\",\"@id\":\"https:\\\/\\\/www.verredart.fr\\\/#\\\/schema\\\/person\\\/c769e12053a7f1c5dd6d9f8c9fca6057\",\"name\":\"Andreia MATOS\",\"image\":{\"@type\":\"ImageObject\",\"inLanguage\":\"en-US\",\"@id\":\"https:\\\/\\\/secure.gravatar.com\\\/avatar\\\/fbcf1b70eff1b1ea4661df56cd246538284ef04ec40f8e79f98a736c6fa92be2?s=96&r=g&d=https:\\\/\\\/www.verredart.fr\\\/wp-content\\\/plugins\\\/userswp\\\/assets\\\/images\\\/no_profile.png\",\"url\":\"https:\\\/\\\/secure.gravatar.com\\\/avatar\\\/fbcf1b70eff1b1ea4661df56cd246538284ef04ec40f8e79f98a736c6fa92be2?s=96&r=g&d=https:\\\/\\\/www.verredart.fr\\\/wp-content\\\/plugins\\\/userswp\\\/assets\\\/images\\\/no_profile.png\",\"contentUrl\":\"https:\\\/\\\/secure.gravatar.com\\\/avatar\\\/fbcf1b70eff1b1ea4661df56cd246538284ef04ec40f8e79f98a736c6fa92be2?s=96&r=g&d=https:\\\/\\\/www.verredart.fr\\\/wp-content\\\/plugins\\\/userswp\\\/assets\\\/images\\\/no_profile.png\",\"caption\":\"Andreia MATOS\"},\"sameAs\":[\"https:\\\/\\\/www.verredart.fr\",\"https:\\\/\\\/www.facebook.com\\\/Verredart\",\"https:\\\/\\\/www.instagram.com\\\/Verre_dart\\\/\",\"https:\\\/\\\/fr.pinterest.com\\\/verredart\\\/\",\"https:\\\/\\\/www.youtube.com\\\/channel\\\/UCBmwHQbCg0GosJTClU0geQw\"],\"url\":\"https:\\\/\\\/www.verredart.fr\\\/en\\\/utilisateurs\\\/bamrdigital\\\/\"}]}<\/script>\n<!-- \/ Yoast SEO plugin. -->","yoast_head_json":{"title":"Sensibilisation au recyclage du verre non recyclable au Crozet","description":"En janvier, j\u2019interviens \u00e0 l\u2019\u00e9cole du Crozet pour sensibiliser les enfants au recyclage du verre non recyclable et transmettre mon savoir-faire.","robots":{"index":"index","follow":"follow","max-snippet":"max-snippet:-1","max-image-preview":"max-image-preview:large","max-video-preview":"max-video-preview:-1"},"canonical":"https:\/\/www.verredart.fr\/en\/sensibilisation-au-recyclage-du-verre-non-recyclable-a-lecole-du-crozet-janvier-2026\/","og_locale":"en_US","og_type":"article","og_title":"Sensibilisation au recyclage du verre non recyclable au Crozet","og_description":"En janvier, j\u2019interviens \u00e0 l\u2019\u00e9cole du Crozet pour sensibiliser les enfants au recyclage du verre non recyclable et transmettre mon savoir-faire.","og_url":"https:\/\/www.verredart.fr\/en\/sensibilisation-au-recyclage-du-verre-non-recyclable-a-lecole-du-crozet-janvier-2026\/","og_site_name":"Verre d&#039;Art","article_publisher":"https:\/\/www.facebook.com\/Verredart","article_author":"https:\/\/www.facebook.com\/Verredart","article_published_time":"2025-12-05T11:30:00+00:00","og_image":[{"url":"https:\/\/www.verredart.fr\/wp-content\/uploads\/2025\/11\/l-ecole-du-crozet-photo-kevin-triet-1756748761-edited.jpg","type":"","width":"","height":""}],"author":"Andreia MATOS","twitter_card":"summary_large_image","twitter_creator":"@verredart","twitter_site":"@verredart","twitter_misc":{"Written by":"Andreia MATOS","Est. reading time":"2 minutes"},"schema":{"@context":"https:\/\/schema.org","@graph":[{"@type":"Article","@id":"https:\/\/www.verredart.fr\/sensibilisation-au-recyclage-du-verre-non-recyclable-a-lecole-du-crozet-janvier-2026\/#article","isPartOf":{"@id":"https:\/\/www.verredart.fr\/sensibilisation-au-recyclage-du-verre-non-recyclable-a-lecole-du-crozet-janvier-2026\/"},"author":{"name":"Andreia MATOS","@id":"https:\/\/www.verredart.fr\/#\/schema\/person\/c769e12053a7f1c5dd6d9f8c9fca6057"},"headline":"Sensibilisation au recyclage du verre non recyclable \u00e0 l&rsquo;\u00e9cole du Crozet \u2013 Janvier 2026","datePublished":"2025-12-05T11:30:00+00:00","mainEntityOfPage":{"@id":"https:\/\/www.verredart.fr\/sensibilisation-au-recyclage-du-verre-non-recyclable-a-lecole-du-crozet-janvier-2026\/"},"wordCount":394,"commentCount":0,"publisher":{"@id":"https:\/\/www.verredart.fr\/#organization"},"image":{"@id":"https:\/\/www.verredart.fr\/sensibilisation-au-recyclage-du-verre-non-recyclable-a-lecole-du-crozet-janvier-2026\/#primaryimage"},"thumbnailUrl":"https:\/\/www.verredart.fr\/wp-content\/uploads\/2025\/11\/l-ecole-du-crozet-photo-kevin-triet-1756748761-edited.jpg","articleSection":["Recyclage du verre non recyclable"],"inLanguage":"en-US","potentialAction":[{"@type":"CommentAction","name":"Comment","target":["https:\/\/www.verredart.fr\/sensibilisation-au-recyclage-du-verre-non-recyclable-a-lecole-du-crozet-janvier-2026\/#respond"]}]},{"@type":"WebPage","@id":"https:\/\/www.verredart.fr\/sensibilisation-au-recyclage-du-verre-non-recyclable-a-lecole-du-crozet-janvier-2026\/","url":"https:\/\/www.verredart.fr\/sensibilisation-au-recyclage-du-verre-non-recyclable-a-lecole-du-crozet-janvier-2026\/","name":"Sensibilisation au recyclage du verre non recyclable au Crozet","isPartOf":{"@id":"https:\/\/www.verredart.fr\/#website"},"primaryImageOfPage":{"@id":"https:\/\/www.verredart.fr\/sensibilisation-au-recyclage-du-verre-non-recyclable-a-lecole-du-crozet-janvier-2026\/#primaryimage"},"image":{"@id":"https:\/\/www.verredart.fr\/sensibilisation-au-recyclage-du-verre-non-recyclable-a-lecole-du-crozet-janvier-2026\/#primaryimage"},"thumbnailUrl":"https:\/\/www.verredart.fr\/wp-content\/uploads\/2025\/11\/l-ecole-du-crozet-photo-kevin-triet-1756748761-edited.jpg","datePublished":"2025-12-05T11:30:00+00:00","description":"En janvier, j\u2019interviens \u00e0 l\u2019\u00e9cole du Crozet pour sensibiliser les enfants au recyclage du verre non recyclable et transmettre mon savoir-faire.","inLanguage":"en-US","potentialAction":[{"@type":"ReadAction","target":["https:\/\/www.verredart.fr\/sensibilisation-au-recyclage-du-verre-non-recyclable-a-lecole-du-crozet-janvier-2026\/"]}]},{"@type":"ImageObject","inLanguage":"en-US","@id":"https:\/\/www.verredart.fr\/sensibilisation-au-recyclage-du-verre-non-recyclable-a-lecole-du-crozet-janvier-2026\/#primaryimage","url":"https:\/\/www.verredart.fr\/wp-content\/uploads\/2025\/11\/l-ecole-du-crozet-photo-kevin-triet-1756748761-edited.jpg","contentUrl":"https:\/\/www.verredart.fr\/wp-content\/uploads\/2025\/11\/l-ecole-du-crozet-photo-kevin-triet-1756748761-edited.jpg"},{"@type":"WebSite","@id":"https:\/\/www.verredart.fr\/#website","url":"https:\/\/www.verredart.fr\/","name":"Verre d'Art","description":"Recyclage de verre non recyclable en cr\u00e9ations uniques et engag\u00e9s","publisher":{"@id":"https:\/\/www.verredart.fr\/#organization"},"potentialAction":[{"@type":"SearchAction","target":{"@type":"EntryPoint","urlTemplate":"https:\/\/www.verredart.fr\/?s={search_term_string}"},"query-input":{"@type":"PropertyValueSpecification","valueRequired":true,"valueName":"search_term_string"}}],"inLanguage":"en-US"},{"@type":"Organization","@id":"https:\/\/www.verredart.fr\/#organization","name":"Verre d'Art","url":"https:\/\/www.verredart.fr\/","logo":{"@type":"ImageObject","inLanguage":"en-US","@id":"https:\/\/www.verredart.fr\/#\/schema\/logo\/image\/","url":"","contentUrl":"","caption":"Verre d'Art"},"image":{"@id":"https:\/\/www.verredart.fr\/#\/schema\/logo\/image\/"},"sameAs":["https:\/\/www.facebook.com\/Verredart","https:\/\/x.com\/verredart","https:\/\/www.instagram.com\/Verre_dart","https:\/\/www.pinterest.fr\/verredart\/"]},{"@type":"Person","@id":"https:\/\/www.verredart.fr\/#\/schema\/person\/c769e12053a7f1c5dd6d9f8c9fca6057","name":"Andreia MATOS","image":{"@type":"ImageObject","inLanguage":"en-US","@id":"https:\/\/secure.gravatar.com\/avatar\/fbcf1b70eff1b1ea4661df56cd246538284ef04ec40f8e79f98a736c6fa92be2?s=96&r=g&d=https:\/\/www.verredart.fr\/wp-content\/plugins\/userswp\/assets\/images\/no_profile.png","url":"https:\/\/secure.gravatar.com\/avatar\/fbcf1b70eff1b1ea4661df56cd246538284ef04ec40f8e79f98a736c6fa92be2?s=96&r=g&d=https:\/\/www.verredart.fr\/wp-content\/plugins\/userswp\/assets\/images\/no_profile.png","contentUrl":"https:\/\/secure.gravatar.com\/avatar\/fbcf1b70eff1b1ea4661df56cd246538284ef04ec40f8e79f98a736c6fa92be2?s=96&r=g&d=https:\/\/www.verredart.fr\/wp-content\/plugins\/userswp\/assets\/images\/no_profile.png","caption":"Andreia MATOS"},"sameAs":["https:\/\/www.verredart.fr","https:\/\/www.facebook.com\/Verredart","https:\/\/www.instagram.com\/Verre_dart\/","https:\/\/fr.pinterest.com\/verredart\/","https:\/\/www.youtube.com\/channel\/UCBmwHQbCg0GosJTClU0geQw"],"url":"https:\/\/www.verredart.fr\/en\/utilisateurs\/bamrdigital\/"}]}},"jetpack_featured_media_url":"","jetpack_sharing_enabled":true,"_links":{"self":[{"href":"https:\/\/www.verredart.fr\/en\/wp-json\/wp\/v2\/posts\/6220","targetHints":{"allow":["GET"]}}],"collection":[{"href":"https:\/\/www.verredart.fr\/en\/wp-json\/wp\/v2\/posts"}],"about":[{"href":"https:\/\/www.verredart.fr\/en\/wp-json\/wp\/v2\/types\/post"}],"author":[{"embeddable":true,"href":"https:\/\/www.verredart.fr\/en\/wp-json\/wp\/v2\/users\/1"}],"replies":[{"embeddable":true,"href":"https:\/\/www.verredart.fr\/en\/wp-json\/wp\/v2\/comments?post=6220"}],"version-history":[{"count":2,"href":"https:\/\/www.verredart.fr\/en\/wp-json\/wp\/v2\/posts\/6220\/revisions"}],"predecessor-version":[{"id":6226,"href":"https:\/\/www.verredart.fr\/en\/wp-json\/wp\/v2\/posts\/6220\/revisions\/6226"}],"wp:attachment":[{"href":"https:\/\/www.verredart.fr\/en\/wp-json\/wp\/v2\/media?parent=6220"}],"wp:term":[{"taxonomy":"category","embeddable":true,"href":"https:\/\/www.verredart.fr\/en\/wp-json\/wp\/v2\/categories?post=6220"},{"taxonomy":"post_tag","embeddable":true,"href":"https:\/\/www.verredart.fr\/en\/wp-json\/wp\/v2\/tags?post=6220"}],"curies":[{"name":"wp","href":"https:\/\/api.w.org\/{rel}","templated":true}]}}