{"id":6304,"date":"2025-11-27T11:33:00","date_gmt":"2025-11-27T11:33:00","guid":{"rendered":"https:\/\/www.verredart.fr\/?p=6304"},"modified":"2025-11-27T17:09:16","modified_gmt":"2025-11-27T17:09:16","slug":"recyclage-verre-non-recyclable-artisanat","status":"publish","type":"post","link":"https:\/\/www.verredart.fr\/en\/recyclage-verre-non-recyclable-artisanat\/","title":{"rendered":"Recyclage de verre non recyclable : mon savoir-faire artisanal au service d\u2019une d\u00e9marche \u00e9cologique locale"},"content":{"rendered":"<h2 class=\"wp-block-heading\"><strong>Un m\u00e9tier, une mission, et une \u00e9tincelle de magie<\/strong><\/h2>\n\n\n\n<p>Dans mon atelier au Crozet, je transforme chaque jour du <strong>The non-recyclable glass<\/strong> en <strong>cr\u00e9ations uniques et engag\u00e9es<\/strong>. Je file le verre au chalumeau depuis plus de dix-huit ans, et aujourd\u2019hui, je mets cette exp\u00e9rience au service d\u2019une cause qui me tient profond\u00e9ment \u00e0 c\u0153ur : <strong>r\u00e9duire les d\u00e9chets de verre dans la Loire<\/strong> et offrir une seconde vie \u00e0 ces mati\u00e8res que tout le monde croyait perdues.<\/p>\n\n\n\n<p>Chaque \u00e9clat r\u00e9cup\u00e9r\u00e9 dans les assiettes, carafes, vitraux, verres cass\u00e9s ou vaisselle us\u00e9e devient une nouvelle histoire. Ce travail minutieux, r\u00e9alis\u00e9 enti\u00e8rement \u00e0 la main, allie <strong>\u00e9cologie<\/strong>, <strong>artisanat<\/strong> et <strong>engagement local<\/strong>.<\/p>\n\n\n\n<hr class=\"wp-block-separator has-alpha-channel-opacity\"\/>\n\n\n\n<h2 class=\"wp-block-heading\"><strong>Pourquoi je recycle le verre non recyclable ?<\/strong><\/h2>\n\n\n\n<p>Tr\u00e8s peu le savent, mais une grande partie du verre du quotidien ne peut pas \u00eatre recycl\u00e9e dans les fili\u00e8res classiques. Pyrex, vitroc\u00e9ramique, cristal, verres d\u00e9cor\u00e9s, vaisselle\u2026 tous ces mat\u00e9riaux terminent normalement \u00e0 l\u2019enfouissement.<\/p>\n\n\n\n<p>En d\u00e9veloppant une <strong>technique adapt\u00e9e au chalumeau<\/strong>, je donne une seconde vie \u00e0 ces mati\u00e8res n\u00e9glig\u00e9es. Gr\u00e2ce \u00e0 ma collecte aupr\u00e8s de particuliers, commerces, restaurants, mairies et boutiques locales, j\u2019\u00e9vite chaque mois que des dizaines de kilos de verre finissent \u00e0 la benne.<\/p>\n\n\n\n<p>Mon objectif est simple : <strong>montrer qu\u2019un autre mod\u00e8le est possible<\/strong>, plus local, plus solidaire et plus responsable.<\/p>\n\n\n\n<hr class=\"wp-block-separator has-alpha-channel-opacity\"\/>\n\n\n\n<h2 class=\"wp-block-heading\"><strong>Mes cr\u00e9ations en verre recycl\u00e9 : des pi\u00e8ces uniques qui racontent une histoire<\/strong><\/h2>\n\n\n\n<p>Toutes mes cr\u00e9ations sont r\u00e9alis\u00e9es en petites s\u00e9ries ou en pi\u00e8ces uniques. J\u2019aime qu\u2019elles portent les traces de leur pass\u00e9 : une couleur particuli\u00e8re provenant d\u2019un vitrail ancien, une transparence issue d\u2019une assiette, un reflet surprenant venu d\u2019un cristal.<\/p>\n\n\n\n<p>Parmi mes collections, vous trouverez :<\/p>\n\n\n\n<ul class=\"wp-block-list\">\n<li><strong><a href=\"https:\/\/www.verredart.fr\/en\/bijoux-en-verre-recycle\/boucles-doreilles-en-verre-recycle\/\">boucles d\u2019oreilles <\/a>f\u00e9eriques<\/strong><\/li>\n\n\n\n<li><strong><a href=\"https:\/\/www.verredart.fr\/en\/bijoux-en-verre-recycle\/bagues-en-verre-recycle\/\">bagues<\/a> en verre recycl\u00e9<\/strong>, r\u00e9glables et color\u00e9es<\/li>\n\n\n\n<li><strong><a href=\"https:\/\/www.verredart.fr\/en\/bijoux-en-verre-recycle\/bijoux-diffuseurs-huiles-essentielles-femme\/\">pendentifs olfactifs<\/a><\/strong>, parfaits pour diffuser des huiles essentielles<\/li>\n\n\n\n<li><strong><a href=\"https:\/\/www.verredart.fr\/en\/bijoux-en-verre-recycle\/pince-cheveux-verre-recycle-non-recyclable\/\">\u00e9pingles et pics \u00e0 cheveux<\/a><\/strong>, tr\u00e8s appr\u00e9ci\u00e9s des coiffeurs<\/li>\n\n\n\n<li><strong><a href=\"https:\/\/www.verredart.fr\/en\/bijoux-en-verre-recycle\/broches-verre-recycle-et-cuir\/\">broches en verre et cuir recycl\u00e9<\/a><\/strong><\/li>\n\n\n\n<li><strong>accessoires d\u2019<a href=\"https:\/\/www.verredart.fr\/en\/bijoux-en-verre-recycle\/art-de-la-table-verre-recycle-non-recyclable\/\">art de la table<\/a><\/strong>, comme les infuseurs \u00e0 th\u00e9<\/li>\n\n\n\n<li><strong>cr\u00e9ations saisonni\u00e8res<\/strong>, comme les suspensions de No\u00ebl<\/li>\n<\/ul>\n\n\n\n<p>Chaque pi\u00e8ce est unique, fa\u00e7onn\u00e9e lentement, \u00e0 la flamme, \u00e0 partir d\u2019un verre destin\u00e9 \u00e0 \u00eatre jet\u00e9. C\u2019est ce qui leur donne leur valeur : <strong>elles sont porteuses de sens<\/strong>.<\/p>\n\n\n\n<hr class=\"wp-block-separator has-alpha-channel-opacity\"\/>\n\n\n\n<h2 class=\"wp-block-heading\"><strong>Une d\u00e9marche locale et engag\u00e9e<\/strong><\/h2>\n\n\n\n<p>Je travaille au plus pr\u00e8s des habitants, artisans et commer\u00e7ants de la r\u00e9gion. Gr\u00e2ce \u00e0 plusieurs <strong>points de collecte<\/strong>, chacun peut participer \u00e0 cette aventure environnementale.<\/p>\n\n\n\n<p>En parall\u00e8le, je propose aussi :<\/p>\n\n\n\n<ul class=\"wp-block-list\">\n<li><strong>des <a href=\"https:\/\/www.verredart.fr\/en\/verre-dart-bijoux-en-verre-recycle\/ateliers-de-verre-file-chalumeau-loire-42-andreia-matos\/atelier-initiation-au-verre-file-au-chalumeau\/\">ateliers d\u2019initiation au verre fil\u00e9<\/a><\/strong>, accessibles \u00e0 tous,<\/li>\n\n\n\n<li><strong>des <a href=\"https:\/\/www.verredart.fr\/en\/verre-dart-bijoux-en-verre-recycle\/ateliers-de-verre-file-chalumeau-loire-42-andreia-matos\/atelier-recyclage-de-verre-au-chalumeau\/\">ateliers de recyclage du verre non recyclable<\/a><\/strong>,<\/li>\n\n\n\n<li><strong>des <a href=\"https:\/\/www.verredart.fr\/en\/expositions-verre-dart\/\">d\u00e9monstrations lors d\u2019\u00e9v\u00e9nements<\/a><\/strong>,<\/li>\n\n\n\n<li><strong>des interventions scolaires<\/strong> pour sensibiliser les enfants.<\/li>\n<\/ul>\n\n\n\n<p>Cette dimension p\u00e9dagogique est essentielle pour moi. Elle permet de transmettre l\u2019envie de consommer diff\u00e9remment et de cr\u00e9er une <strong>communaut\u00e9 engag\u00e9e<\/strong> autour de ce mat\u00e9riau magique.<\/p>\n\n\n\n<hr class=\"wp-block-separator has-alpha-channel-opacity\"\/>\n\n\n\n<h2 class=\"wp-block-heading\"><strong>Pourquoi choisir une cr\u00e9ation en verre recycl\u00e9 ?<\/strong><\/h2>\n\n\n\n<p>Parce qu\u2019un bijou ou un accessoire en verre recycl\u00e9, ce n\u2019est pas seulement un objet. C\u2019est :<\/p>\n\n\n\n<ul class=\"wp-block-list\">\n<li><strong>un geste pour la plan\u00e8te<\/strong>,<\/li>\n\n\n\n<li><strong>un soutien \u00e0 l\u2019artisanat local<\/strong>,<\/li>\n\n\n\n<li><strong>une pi\u00e8ce unique<\/strong>,<\/li>\n\n\n\n<li><strong>une d\u00e9marche po\u00e9tique<\/strong>,<\/li>\n\n\n\n<li><strong>une histoire \u00e0 offrir ou \u00e0 s\u2019offrir<\/strong>.<\/li>\n<\/ul>\n\n\n\n<p>En choisissant l\u2019un de mes bijoux, vous donnez du sens \u00e0 votre achat, tout en encourageant un artisanat respectueux de l\u2019environnement.<\/p>\n\n\n\n<hr class=\"wp-block-separator has-alpha-channel-opacity\"\/>\n\n\n\n<h2 class=\"wp-block-heading\"><strong>Une vision pour 2025 et au-del\u00e0<\/strong><\/h2>\n\n\n\n<p>Je souhaite aller encore plus loin. Mon ambition est de cr\u00e9er une <strong>petite unit\u00e9 locale d\u00e9di\u00e9e au recyclage du verre non recyclable<\/strong>, pour former de nouvelles personnes et transformer toujours plus de mati\u00e8re.<\/p>\n\n\n\n<p>Avec le soutien de la r\u00e9gion, des communes et des habitants, je suis persuad\u00e9e que ce projet pourra voir le jour et changer notre fa\u00e7on d\u2019aborder le d\u00e9chet.<\/p>\n\n\n\n<hr class=\"wp-block-separator has-alpha-channel-opacity\"\/>\n\n\n\n<h2 class=\"wp-block-heading\"><strong>Conclusion : transformer l\u2019invisible en merveilleux<\/strong><\/h2>\n\n\n\n<p>\u00c0 chaque fois que j\u2019allume mon chalumeau, je sais que je ne fabrique pas seulement un bijou. Je transforme une mati\u00e8re oubli\u00e9e en une cr\u00e9ation lumineuse. Je fais ma part, \u00e0 mon \u00e9chelle, et j\u2019embarque avec moi toutes celles et ceux qui veulent participer \u00e0 cette aventure \u00e9cologique et po\u00e9tique.<\/p>\n\n\n\n<p>Si vous souhaitez d\u00e9couvrir mes cr\u00e9ations, participer \u00e0 un atelier, organiser une d\u00e9monstration ou contribuer au recyclage du verre non recyclable, je serai heureuse de vous accueillir \u00e0 l\u2019atelier ou en \u00e9v\u00e9nement.<\/p>","protected":false},"excerpt":{"rendered":"<p>Un m\u00e9tier, une mission, et une \u00e9tincelle de magie Dans mon atelier au Crozet, je transforme chaque jour du verre non recyclable en cr\u00e9ations uniques et engag\u00e9es. Je file le verre au chalumeau depuis plus de dix-huit ans, et aujourd\u2019hui, je mets cette exp\u00e9rience au service d\u2019une cause qui me tient profond\u00e9ment \u00e0 c\u0153ur : [&hellip;]<\/p>\n","protected":false},"author":1,"featured_media":0,"comment_status":"open","ping_status":"open","sticky":false,"template":"","format":"standard","meta":{"_jetpack_memberships_contains_paid_content":false,"footnotes":""},"categories":[1],"tags":[],"class_list":["post-6304","post","type-post","status-publish","format-standard","hentry","category-recyclage-du-verre-non-recyclable","entry","owp-thumbs-layout-vertical","owp-btn-big","owp-tabs-layout-horizontal","has-no-thumbnails","has-product-nav"],"yoast_head":"<!-- This site is optimized with the Yoast SEO plugin v27.4 - https:\/\/yoast.com\/product\/yoast-seo-wordpress\/ -->\n<title>Recyclage de verre non recyclable : mon artisanat engag\u00e9<\/title>\n<meta name=\"description\" content=\"D\u00e9couvre mon travail de fileuse de verre au chalumeau et mes cr\u00e9ations uniques issues du recyclage de verre non recyclable, fabriqu\u00e9es localement d\" \/>\n<meta name=\"robots\" content=\"index, follow, max-snippet:-1, max-image-preview:large, max-video-preview:-1\" \/>\n<link rel=\"canonical\" href=\"https:\/\/www.verredart.fr\/en\/recyclage-verre-non-recyclable-artisanat\/\" \/>\n<meta property=\"og:locale\" content=\"en_US\" \/>\n<meta property=\"og:type\" content=\"article\" \/>\n<meta property=\"og:title\" content=\"Recyclage de verre non recyclable : mon artisanat engag\u00e9\" \/>\n<meta property=\"og:description\" content=\"D\u00e9couvre mon travail de fileuse de verre au chalumeau et mes cr\u00e9ations uniques issues du recyclage de verre non recyclable, fabriqu\u00e9es localement d\" \/>\n<meta property=\"og:url\" content=\"https:\/\/www.verredart.fr\/en\/recyclage-verre-non-recyclable-artisanat\/\" \/>\n<meta property=\"og:site_name\" content=\"Verre d&#039;Art\" \/>\n<meta property=\"article:publisher\" content=\"https:\/\/www.facebook.com\/Verredart\" \/>\n<meta property=\"article:author\" content=\"https:\/\/www.facebook.com\/Verredart\" \/>\n<meta property=\"article:published_time\" content=\"2025-11-27T11:33:00+00:00\" \/>\n<meta property=\"article:modified_time\" content=\"2025-11-27T17:09:16+00:00\" \/>\n<meta name=\"author\" content=\"Andreia MATOS\" \/>\n<meta name=\"twitter:card\" content=\"summary_large_image\" \/>\n<meta name=\"twitter:creator\" content=\"@verredart\" \/>\n<meta name=\"twitter:site\" content=\"@verredart\" \/>\n<meta name=\"twitter:label1\" content=\"Written by\" \/>\n\t<meta name=\"twitter:data1\" content=\"Andreia MATOS\" \/>\n\t<meta name=\"twitter:label2\" content=\"Est. reading time\" \/>\n\t<meta name=\"twitter:data2\" content=\"4 minutes\" \/>\n<script type=\"application\/ld+json\" class=\"yoast-schema-graph\">{\"@context\":\"https:\\\/\\\/schema.org\",\"@graph\":[{\"@type\":\"Article\",\"@id\":\"https:\\\/\\\/www.verredart.fr\\\/recyclage-verre-non-recyclable-artisanat\\\/#article\",\"isPartOf\":{\"@id\":\"https:\\\/\\\/www.verredart.fr\\\/recyclage-verre-non-recyclable-artisanat\\\/\"},\"author\":{\"name\":\"Andreia MATOS\",\"@id\":\"https:\\\/\\\/www.verredart.fr\\\/#\\\/schema\\\/person\\\/c769e12053a7f1c5dd6d9f8c9fca6057\"},\"headline\":\"Recyclage de verre non recyclable : mon savoir-faire artisanal au service d\u2019une d\u00e9marche \u00e9cologique locale\",\"datePublished\":\"2025-11-27T11:33:00+00:00\",\"dateModified\":\"2025-11-27T17:09:16+00:00\",\"mainEntityOfPage\":{\"@id\":\"https:\\\/\\\/www.verredart.fr\\\/recyclage-verre-non-recyclable-artisanat\\\/\"},\"wordCount\":758,\"commentCount\":0,\"publisher\":{\"@id\":\"https:\\\/\\\/www.verredart.fr\\\/#organization\"},\"articleSection\":[\"Recyclage du verre non recyclable\"],\"inLanguage\":\"en-US\",\"potentialAction\":[{\"@type\":\"CommentAction\",\"name\":\"Comment\",\"target\":[\"https:\\\/\\\/www.verredart.fr\\\/recyclage-verre-non-recyclable-artisanat\\\/#respond\"]}]},{\"@type\":\"WebPage\",\"@id\":\"https:\\\/\\\/www.verredart.fr\\\/recyclage-verre-non-recyclable-artisanat\\\/\",\"url\":\"https:\\\/\\\/www.verredart.fr\\\/recyclage-verre-non-recyclable-artisanat\\\/\",\"name\":\"Recyclage de verre non recyclable : mon artisanat engag\u00e9\",\"isPartOf\":{\"@id\":\"https:\\\/\\\/www.verredart.fr\\\/#website\"},\"datePublished\":\"2025-11-27T11:33:00+00:00\",\"dateModified\":\"2025-11-27T17:09:16+00:00\",\"description\":\"D\u00e9couvre mon travail de fileuse de verre au chalumeau et mes cr\u00e9ations uniques issues du recyclage de verre non recyclable, fabriqu\u00e9es localement dans la Loire.\",\"inLanguage\":\"en-US\",\"potentialAction\":[{\"@type\":\"ReadAction\",\"target\":[\"https:\\\/\\\/www.verredart.fr\\\/recyclage-verre-non-recyclable-artisanat\\\/\"]}]},{\"@type\":\"WebSite\",\"@id\":\"https:\\\/\\\/www.verredart.fr\\\/#website\",\"url\":\"https:\\\/\\\/www.verredart.fr\\\/\",\"name\":\"Verre d'Art\",\"description\":\"Recyclage de verre non recyclable en cr\u00e9ations uniques et engag\u00e9s\",\"publisher\":{\"@id\":\"https:\\\/\\\/www.verredart.fr\\\/#organization\"},\"potentialAction\":[{\"@type\":\"SearchAction\",\"target\":{\"@type\":\"EntryPoint\",\"urlTemplate\":\"https:\\\/\\\/www.verredart.fr\\\/?s={search_term_string}\"},\"query-input\":{\"@type\":\"PropertyValueSpecification\",\"valueRequired\":true,\"valueName\":\"search_term_string\"}}],\"inLanguage\":\"en-US\"},{\"@type\":\"Organization\",\"@id\":\"https:\\\/\\\/www.verredart.fr\\\/#organization\",\"name\":\"Verre d'Art\",\"url\":\"https:\\\/\\\/www.verredart.fr\\\/\",\"logo\":{\"@type\":\"ImageObject\",\"inLanguage\":\"en-US\",\"@id\":\"https:\\\/\\\/www.verredart.fr\\\/#\\\/schema\\\/logo\\\/image\\\/\",\"url\":\"\",\"contentUrl\":\"\",\"caption\":\"Verre d'Art\"},\"image\":{\"@id\":\"https:\\\/\\\/www.verredart.fr\\\/#\\\/schema\\\/logo\\\/image\\\/\"},\"sameAs\":[\"https:\\\/\\\/www.facebook.com\\\/Verredart\",\"https:\\\/\\\/x.com\\\/verredart\",\"https:\\\/\\\/www.instagram.com\\\/Verre_dart\",\"https:\\\/\\\/www.pinterest.fr\\\/verredart\\\/\"]},{\"@type\":\"Person\",\"@id\":\"https:\\\/\\\/www.verredart.fr\\\/#\\\/schema\\\/person\\\/c769e12053a7f1c5dd6d9f8c9fca6057\",\"name\":\"Andreia MATOS\",\"image\":{\"@type\":\"ImageObject\",\"inLanguage\":\"en-US\",\"@id\":\"https:\\\/\\\/secure.gravatar.com\\\/avatar\\\/fbcf1b70eff1b1ea4661df56cd246538284ef04ec40f8e79f98a736c6fa92be2?s=96&r=g&d=https:\\\/\\\/www.verredart.fr\\\/wp-content\\\/plugins\\\/userswp\\\/assets\\\/images\\\/no_profile.png\",\"url\":\"https:\\\/\\\/secure.gravatar.com\\\/avatar\\\/fbcf1b70eff1b1ea4661df56cd246538284ef04ec40f8e79f98a736c6fa92be2?s=96&r=g&d=https:\\\/\\\/www.verredart.fr\\\/wp-content\\\/plugins\\\/userswp\\\/assets\\\/images\\\/no_profile.png\",\"contentUrl\":\"https:\\\/\\\/secure.gravatar.com\\\/avatar\\\/fbcf1b70eff1b1ea4661df56cd246538284ef04ec40f8e79f98a736c6fa92be2?s=96&r=g&d=https:\\\/\\\/www.verredart.fr\\\/wp-content\\\/plugins\\\/userswp\\\/assets\\\/images\\\/no_profile.png\",\"caption\":\"Andreia MATOS\"},\"sameAs\":[\"https:\\\/\\\/www.verredart.fr\",\"https:\\\/\\\/www.facebook.com\\\/Verredart\",\"https:\\\/\\\/www.instagram.com\\\/Verre_dart\\\/\",\"https:\\\/\\\/fr.pinterest.com\\\/verredart\\\/\",\"https:\\\/\\\/www.youtube.com\\\/channel\\\/UCBmwHQbCg0GosJTClU0geQw\"],\"url\":\"https:\\\/\\\/www.verredart.fr\\\/en\\\/utilisateurs\\\/bamrdigital\\\/\"}]}<\/script>\n<!-- \/ Yoast SEO plugin. -->","yoast_head_json":{"title":"Recyclage de verre non recyclable : mon artisanat engag\u00e9","description":"D\u00e9couvre mon travail de fileuse de verre au chalumeau et mes cr\u00e9ations uniques issues du recyclage de verre non recyclable, fabriqu\u00e9es localement d","robots":{"index":"index","follow":"follow","max-snippet":"max-snippet:-1","max-image-preview":"max-image-preview:large","max-video-preview":"max-video-preview:-1"},"canonical":"https:\/\/www.verredart.fr\/en\/recyclage-verre-non-recyclable-artisanat\/","og_locale":"en_US","og_type":"article","og_title":"Recyclage de verre non recyclable : mon artisanat engag\u00e9","og_description":"D\u00e9couvre mon travail de fileuse de verre au chalumeau et mes cr\u00e9ations uniques issues du recyclage de verre non recyclable, fabriqu\u00e9es localement d","og_url":"https:\/\/www.verredart.fr\/en\/recyclage-verre-non-recyclable-artisanat\/","og_site_name":"Verre d&#039;Art","article_publisher":"https:\/\/www.facebook.com\/Verredart","article_author":"https:\/\/www.facebook.com\/Verredart","article_published_time":"2025-11-27T11:33:00+00:00","article_modified_time":"2025-11-27T17:09:16+00:00","author":"Andreia MATOS","twitter_card":"summary_large_image","twitter_creator":"@verredart","twitter_site":"@verredart","twitter_misc":{"Written by":"Andreia MATOS","Est. reading time":"4 minutes"},"schema":{"@context":"https:\/\/schema.org","@graph":[{"@type":"Article","@id":"https:\/\/www.verredart.fr\/recyclage-verre-non-recyclable-artisanat\/#article","isPartOf":{"@id":"https:\/\/www.verredart.fr\/recyclage-verre-non-recyclable-artisanat\/"},"author":{"name":"Andreia MATOS","@id":"https:\/\/www.verredart.fr\/#\/schema\/person\/c769e12053a7f1c5dd6d9f8c9fca6057"},"headline":"Recyclage de verre non recyclable : mon savoir-faire artisanal au service d\u2019une d\u00e9marche \u00e9cologique locale","datePublished":"2025-11-27T11:33:00+00:00","dateModified":"2025-11-27T17:09:16+00:00","mainEntityOfPage":{"@id":"https:\/\/www.verredart.fr\/recyclage-verre-non-recyclable-artisanat\/"},"wordCount":758,"commentCount":0,"publisher":{"@id":"https:\/\/www.verredart.fr\/#organization"},"articleSection":["Recyclage du verre non recyclable"],"inLanguage":"en-US","potentialAction":[{"@type":"CommentAction","name":"Comment","target":["https:\/\/www.verredart.fr\/recyclage-verre-non-recyclable-artisanat\/#respond"]}]},{"@type":"WebPage","@id":"https:\/\/www.verredart.fr\/recyclage-verre-non-recyclable-artisanat\/","url":"https:\/\/www.verredart.fr\/recyclage-verre-non-recyclable-artisanat\/","name":"Recyclage de verre non recyclable : mon artisanat engag\u00e9","isPartOf":{"@id":"https:\/\/www.verredart.fr\/#website"},"datePublished":"2025-11-27T11:33:00+00:00","dateModified":"2025-11-27T17:09:16+00:00","description":"D\u00e9couvre mon travail de fileuse de verre au chalumeau et mes cr\u00e9ations uniques issues du recyclage de verre non recyclable, fabriqu\u00e9es localement dans la Loire.","inLanguage":"en-US","potentialAction":[{"@type":"ReadAction","target":["https:\/\/www.verredart.fr\/recyclage-verre-non-recyclable-artisanat\/"]}]},{"@type":"WebSite","@id":"https:\/\/www.verredart.fr\/#website","url":"https:\/\/www.verredart.fr\/","name":"Verre d'Art","description":"Recyclage de verre non recyclable en cr\u00e9ations uniques et engag\u00e9s","publisher":{"@id":"https:\/\/www.verredart.fr\/#organization"},"potentialAction":[{"@type":"SearchAction","target":{"@type":"EntryPoint","urlTemplate":"https:\/\/www.verredart.fr\/?s={search_term_string}"},"query-input":{"@type":"PropertyValueSpecification","valueRequired":true,"valueName":"search_term_string"}}],"inLanguage":"en-US"},{"@type":"Organization","@id":"https:\/\/www.verredart.fr\/#organization","name":"Verre d'Art","url":"https:\/\/www.verredart.fr\/","logo":{"@type":"ImageObject","inLanguage":"en-US","@id":"https:\/\/www.verredart.fr\/#\/schema\/logo\/image\/","url":"","contentUrl":"","caption":"Verre d'Art"},"image":{"@id":"https:\/\/www.verredart.fr\/#\/schema\/logo\/image\/"},"sameAs":["https:\/\/www.facebook.com\/Verredart","https:\/\/x.com\/verredart","https:\/\/www.instagram.com\/Verre_dart","https:\/\/www.pinterest.fr\/verredart\/"]},{"@type":"Person","@id":"https:\/\/www.verredart.fr\/#\/schema\/person\/c769e12053a7f1c5dd6d9f8c9fca6057","name":"Andreia MATOS","image":{"@type":"ImageObject","inLanguage":"en-US","@id":"https:\/\/secure.gravatar.com\/avatar\/fbcf1b70eff1b1ea4661df56cd246538284ef04ec40f8e79f98a736c6fa92be2?s=96&r=g&d=https:\/\/www.verredart.fr\/wp-content\/plugins\/userswp\/assets\/images\/no_profile.png","url":"https:\/\/secure.gravatar.com\/avatar\/fbcf1b70eff1b1ea4661df56cd246538284ef04ec40f8e79f98a736c6fa92be2?s=96&r=g&d=https:\/\/www.verredart.fr\/wp-content\/plugins\/userswp\/assets\/images\/no_profile.png","contentUrl":"https:\/\/secure.gravatar.com\/avatar\/fbcf1b70eff1b1ea4661df56cd246538284ef04ec40f8e79f98a736c6fa92be2?s=96&r=g&d=https:\/\/www.verredart.fr\/wp-content\/plugins\/userswp\/assets\/images\/no_profile.png","caption":"Andreia MATOS"},"sameAs":["https:\/\/www.verredart.fr","https:\/\/www.facebook.com\/Verredart","https:\/\/www.instagram.com\/Verre_dart\/","https:\/\/fr.pinterest.com\/verredart\/","https:\/\/www.youtube.com\/channel\/UCBmwHQbCg0GosJTClU0geQw"],"url":"https:\/\/www.verredart.fr\/en\/utilisateurs\/bamrdigital\/"}]}},"jetpack_featured_media_url":"","jetpack_sharing_enabled":true,"_links":{"self":[{"href":"https:\/\/www.verredart.fr\/en\/wp-json\/wp\/v2\/posts\/6304","targetHints":{"allow":["GET"]}}],"collection":[{"href":"https:\/\/www.verredart.fr\/en\/wp-json\/wp\/v2\/posts"}],"about":[{"href":"https:\/\/www.verredart.fr\/en\/wp-json\/wp\/v2\/types\/post"}],"author":[{"embeddable":true,"href":"https:\/\/www.verredart.fr\/en\/wp-json\/wp\/v2\/users\/1"}],"replies":[{"embeddable":true,"href":"https:\/\/www.verredart.fr\/en\/wp-json\/wp\/v2\/comments?post=6304"}],"version-history":[{"count":1,"href":"https:\/\/www.verredart.fr\/en\/wp-json\/wp\/v2\/posts\/6304\/revisions"}],"predecessor-version":[{"id":6306,"href":"https:\/\/www.verredart.fr\/en\/wp-json\/wp\/v2\/posts\/6304\/revisions\/6306"}],"wp:attachment":[{"href":"https:\/\/www.verredart.fr\/en\/wp-json\/wp\/v2\/media?parent=6304"}],"wp:term":[{"taxonomy":"category","embeddable":true,"href":"https:\/\/www.verredart.fr\/en\/wp-json\/wp\/v2\/categories?post=6304"},{"taxonomy":"post_tag","embeddable":true,"href":"https:\/\/www.verredart.fr\/en\/wp-json\/wp\/v2\/tags?post=6304"}],"curies":[{"name":"wp","href":"https:\/\/api.w.org\/{rel}","templated":true}]}}