{"id":6339,"date":"2025-12-14T08:10:26","date_gmt":"2025-12-14T08:10:26","guid":{"rendered":"https:\/\/www.verredart.fr\/?p=6339"},"modified":"2026-01-23T10:22:47","modified_gmt":"2026-01-23T10:22:47","slug":"enterrer-verre-pollution-sols","status":"publish","type":"post","link":"https:\/\/www.verredart.fr\/en\/enterrer-verre-pollution-sols\/","title":{"rendered":"Enterrer le verre : une fausse bonne id\u00e9e qui pollue la terre pour des mill\u00e9naires"},"content":{"rendered":"<figure class=\"wp-block-gallery has-nested-images columns-default is-cropped wp-block-gallery-1 is-layout-flex wp-block-gallery-is-layout-flex\">\n<figure class=\"wp-block-image size-large\"><img data-recalc-dims=\"1\" fetchpriority=\"high\" decoding=\"async\" width=\"1024\" height=\"683\" data-id=\"6341\" src=\"https:\/\/i0.wp.com\/www.verredart.fr\/wp-content\/uploads\/2025\/12\/IMG_5695.jpg?resize=1024%2C683&#038;ssl=1\" alt=\"\" class=\"wp-image-6341\" srcset=\"https:\/\/i0.wp.com\/www.verredart.fr\/wp-content\/uploads\/2025\/12\/IMG_5695-scaled.jpg?resize=1024%2C683&amp;ssl=1 1024w, https:\/\/i0.wp.com\/www.verredart.fr\/wp-content\/uploads\/2025\/12\/IMG_5695-scaled.jpg?resize=300%2C200&amp;ssl=1 300w, https:\/\/i0.wp.com\/www.verredart.fr\/wp-content\/uploads\/2025\/12\/IMG_5695-scaled.jpg?resize=768%2C512&amp;ssl=1 768w, https:\/\/i0.wp.com\/www.verredart.fr\/wp-content\/uploads\/2025\/12\/IMG_5695-scaled.jpg?resize=1536%2C1024&amp;ssl=1 1536w, https:\/\/i0.wp.com\/www.verredart.fr\/wp-content\/uploads\/2025\/12\/IMG_5695-scaled.jpg?resize=2048%2C1365&amp;ssl=1 2048w, https:\/\/i0.wp.com\/www.verredart.fr\/wp-content\/uploads\/2025\/12\/IMG_5695-scaled.jpg?resize=18%2C12&amp;ssl=1 18w, https:\/\/i0.wp.com\/www.verredart.fr\/wp-content\/uploads\/2025\/12\/IMG_5695-scaled.jpg?w=2400&amp;ssl=1 2400w\" sizes=\"(max-width: 1024px) 100vw, 1024px\" \/><\/figure>\n<\/figure>\n\n\n\n<h3 class=\"wp-block-heading\">Pourquoi l\u2019enfouissement du verre pollue les sols<\/h3>\n\n\n\n<hr class=\"wp-block-separator has-alpha-channel-opacity\"\/>\n\n\n\n<p>Le verre est souvent per\u00e7u comme un mat\u00e9riau inoffensif. Pourtant, <strong>lorsqu\u2019il est enfoui dans le sol<\/strong>, il nuit \u00e0 l\u2019environnement plus qu\u2019on ne l\u2019imagine. Cette mati\u00e8re dure et fragile peut sembler stable, mais <strong>ses effets invisibles sur le sol sont bien r\u00e9els<\/strong>.<\/p>\n\n\n\n<hr class=\"wp-block-separator has-alpha-channel-opacity\"\/>\n\n\n\n<h2 class=\"wp-block-heading\">\ud83e\udde0 Une mati\u00e8re durable\u2026 mais probl\u00e9matique une fois enterr\u00e9e<\/h2>\n\n\n\n<p>Le verre ne se biod\u00e9grade pas rapidement. Du fait de sa long\u00e9vit\u00e9, il <strong>reste dans le sol pendant des d\u00e9cennies, voire des si\u00e8cles<\/strong>.<br>Dans ce laps de temps, il perturbe la structure naturelle du sol.<br>M\u00eame quand il est fragment\u00e9, ce verre influence les micro-organismes essentiels \u00e0 la sant\u00e9 des sols.<\/p>\n\n\n\n<hr class=\"wp-block-separator has-alpha-channel-opacity\"\/>\n\n\n\n<h2 class=\"wp-block-heading\">\u26a0\ufe0f  Comment l\u2019enfouissement affecte l\u2019\u00e9cosyst\u00e8me du sol<\/h2>\n\n\n\n<p>Dans les premi\u00e8res ann\u00e9es, les fragments restent inertes. Cependant, <strong>ils finissent par modifier l\u2019a\u00e9ration et l\u2019humidit\u00e9 du sol<\/strong>. Ce changement cr\u00e9e des conditions d\u00e9favorables pour les bact\u00e9ries et les champignons qui jouent un r\u00f4le cl\u00e9 dans les cycles nutritifs.<\/p>\n\n\n\n<p>En outre, ces fragments peuvent agir comme des surfaces abrasives. R\u00e9sultat : <strong>les racines v\u00e9g\u00e9tales peinent \u00e0 se d\u00e9velopper<\/strong>, ce qui affecte la croissance des plantes locales.<\/p>\n\n\n\n<hr class=\"wp-block-separator has-alpha-channel-opacity\"\/>\n\n\n\n<h2 class=\"wp-block-heading\">\u274c Pourquoi l\u2019enfouissement n\u2019est pas une solution \u00e9cologique<\/h2>\n\n\n\n<p>Certaines personnes pensent qu\u2019enterrer du verre r\u00e9sout le probl\u00e8me des d\u00e9chets. En r\u00e9alit\u00e9, cette pratique transf\u00e8re simplement le probl\u00e8me.<br>Au lieu de dispara\u00eetre, le verre continue d\u2019<strong>exercer une influence n\u00e9gative sur la vie du sol<\/strong>. Cette approche ne r\u00e9duit pas la pollution, elle la d\u00e9place.<\/p>\n\n\n\n<p>D\u2019un point de vue environnemental, <strong>le rejet dans les sols reste une forme de pollution diffuse<\/strong>, car elle alt\u00e8re les fonctions naturelles du cycle de la mati\u00e8re.<\/p>\n\n\n\n<hr class=\"wp-block-separator has-alpha-channel-opacity\"\/>\n\n\n\n<h2 class=\"wp-block-heading\">\u267b\ufe0f R\u00e9duire et valoriser plut\u00f4t qu\u2019enterrer<\/h2>\n\n\n\n<p>Pour limiter ces impacts, il faut envisager des alternatives plus responsables.<br>Le tri des mat\u00e9riaux recyclables est un premier pas, mais il ne suffit pas. En effet, <strong>le recyclage industriel ne prend pas en charge tous les types de verre<\/strong>, notamment ceux issus de la vaisselle, des vitraux ou du cristal.<\/p>\n\n\n\n<hr class=\"wp-block-separator has-alpha-channel-opacity\"\/>\n\n\n\n<h2 class=\"wp-block-heading\">\ud83c\udf0d Solutions locales et durables<\/h2>\n\n\n\n<p>Face \u00e0 ces limites, des solutions \u00e9mergent \u00e0 l\u2019\u00e9chelle locale et artisanale. Par exemple :<\/p>\n\n\n\n<ul class=\"wp-block-list\">\n<li><strong>collecter et trier<\/strong> les morceaux de verre non recyclables pour des cr\u00e9ations artisanales,<\/li>\n\n\n\n<li><strong>r\u00e9utiliser la mati\u00e8re<\/strong> dans des projets de design ou d\u2019art,<\/li>\n\n\n\n<li><strong>sensibiliser<\/strong> autour de l\u2019impact r\u00e9el de ces mat\u00e9riaux sur les sols.<\/li>\n<\/ul>\n\n\n\n<p>Ce type d\u2019approche r\u00e9duit non seulement la quantit\u00e9 de verre enfoui, mais il donne aussi une seconde vie \u00e0 une mati\u00e8re souvent oubli\u00e9e.<\/p>\n\n\n\n<hr class=\"wp-block-separator has-alpha-channel-opacity\"\/>\n\n\n\n<h2 class=\"wp-block-heading\">\ud83c\udf3f Conclusion<\/h2>\n\n\n\n<p>Enterrer du verre n\u2019est pas une solution \u00e9cologique.<br>Cette pratique pollue les sols, impacte la vie microbienne et diminue la qualit\u00e9 des \u00e9cosyst\u00e8mes.<br>En revanche, en privil\u00e9giant des <strong>solutions durables, locales et cr\u00e9atives<\/strong>, nous pouvons transformer ce qui \u00e9tait per\u00e7u comme un d\u00e9chet en une ressource utile.<\/p>\n\n\n\n<hr class=\"wp-block-separator has-alpha-channel-opacity\"\/>","protected":false},"excerpt":{"rendered":"<p>Pourquoi l\u2019enfouissement du verre pollue les sols Le verre est souvent per\u00e7u comme un mat\u00e9riau inoffensif. Pourtant, lorsqu\u2019il est enfoui dans le sol, il nuit \u00e0 l\u2019environnement plus qu\u2019on ne l\u2019imagine. Cette mati\u00e8re dure et fragile peut sembler stable, mais ses effets invisibles sur le sol sont bien r\u00e9els. \ud83e\udde0 Une mati\u00e8re durable\u2026 mais probl\u00e9matique [&hellip;]<\/p>\n","protected":false},"author":1,"featured_media":0,"comment_status":"open","ping_status":"open","sticky":false,"template":"","format":"standard","meta":{"_jetpack_memberships_contains_paid_content":false,"footnotes":""},"categories":[201],"tags":[],"class_list":["post-6339","post","type-post","status-publish","format-standard","hentry","category-ecologie-et-consommation-responsable","entry","owp-thumbs-layout-vertical","owp-btn-big","owp-tabs-layout-horizontal","has-no-thumbnails","has-product-nav"],"yoast_head":"<!-- This site is optimized with the Yoast SEO plugin v27.4 - https:\/\/yoast.com\/product\/yoast-seo-wordpress\/ -->\n<title>Enterrer le verre : une pollution invisible qui d\u00e9truit la terre<\/title>\n<meta name=\"description\" content=\"D\u00e9couvrez pourquoi Enterrer le verre : une pollution invisible qui d\u00e9truit la terre. Les sols, ses effets invisibles sur l\u2019environnement.\" \/>\n<meta name=\"robots\" content=\"index, follow, max-snippet:-1, max-image-preview:large, max-video-preview:-1\" \/>\n<link rel=\"canonical\" href=\"https:\/\/www.verredart.fr\/en\/enterrer-verre-pollution-sols\/\" \/>\n<meta property=\"og:locale\" content=\"en_US\" \/>\n<meta property=\"og:type\" content=\"article\" \/>\n<meta property=\"og:title\" content=\"Enterrer le verre : une pollution invisible qui d\u00e9truit la terre\" \/>\n<meta property=\"og:description\" content=\"D\u00e9couvrez pourquoi Enterrer le verre : une pollution invisible qui d\u00e9truit la terre. Les sols, ses effets invisibles sur l\u2019environnement.\" \/>\n<meta property=\"og:url\" content=\"https:\/\/www.verredart.fr\/en\/enterrer-verre-pollution-sols\/\" \/>\n<meta property=\"og:site_name\" content=\"Verre d&#039;Art\" \/>\n<meta property=\"article:publisher\" content=\"https:\/\/www.facebook.com\/Verredart\" \/>\n<meta property=\"article:author\" content=\"https:\/\/www.facebook.com\/Verredart\" \/>\n<meta property=\"article:published_time\" content=\"2025-12-14T08:10:26+00:00\" \/>\n<meta property=\"article:modified_time\" content=\"2026-01-23T10:22:47+00:00\" \/>\n<meta property=\"og:image\" content=\"https:\/\/www.verredart.fr\/wp-content\/uploads\/2025\/12\/IMG_5695-1024x683.jpg\" \/>\n<meta name=\"author\" content=\"Andreia MATOS\" \/>\n<meta name=\"twitter:card\" content=\"summary_large_image\" \/>\n<meta name=\"twitter:creator\" content=\"@verredart\" \/>\n<meta name=\"twitter:site\" content=\"@verredart\" \/>\n<meta name=\"twitter:label1\" content=\"Written by\" \/>\n\t<meta name=\"twitter:data1\" content=\"Andreia MATOS\" \/>\n\t<meta name=\"twitter:label2\" content=\"Est. reading time\" \/>\n\t<meta name=\"twitter:data2\" content=\"3 minutes\" \/>\n<script type=\"application\/ld+json\" class=\"yoast-schema-graph\">{\"@context\":\"https:\\\/\\\/schema.org\",\"@graph\":[{\"@type\":\"Article\",\"@id\":\"https:\\\/\\\/www.verredart.fr\\\/enterrer-verre-pollution-sols\\\/#article\",\"isPartOf\":{\"@id\":\"https:\\\/\\\/www.verredart.fr\\\/enterrer-verre-pollution-sols\\\/\"},\"author\":{\"name\":\"Andreia MATOS\",\"@id\":\"https:\\\/\\\/www.verredart.fr\\\/#\\\/schema\\\/person\\\/c769e12053a7f1c5dd6d9f8c9fca6057\"},\"headline\":\"Enterrer le verre : une fausse bonne id\u00e9e qui pollue la terre pour des mill\u00e9naires\",\"datePublished\":\"2025-12-14T08:10:26+00:00\",\"dateModified\":\"2026-01-23T10:22:47+00:00\",\"mainEntityOfPage\":{\"@id\":\"https:\\\/\\\/www.verredart.fr\\\/enterrer-verre-pollution-sols\\\/\"},\"wordCount\":519,\"commentCount\":0,\"publisher\":{\"@id\":\"https:\\\/\\\/www.verredart.fr\\\/#organization\"},\"image\":{\"@id\":\"https:\\\/\\\/www.verredart.fr\\\/enterrer-verre-pollution-sols\\\/#primaryimage\"},\"thumbnailUrl\":\"https:\\\/\\\/www.verredart.fr\\\/wp-content\\\/uploads\\\/2025\\\/12\\\/IMG_5695-1024x683.jpg\",\"articleSection\":[\"\u00c9cologie et consommation responsable\"],\"inLanguage\":\"en-US\",\"potentialAction\":[{\"@type\":\"CommentAction\",\"name\":\"Comment\",\"target\":[\"https:\\\/\\\/www.verredart.fr\\\/enterrer-verre-pollution-sols\\\/#respond\"]}]},{\"@type\":\"WebPage\",\"@id\":\"https:\\\/\\\/www.verredart.fr\\\/enterrer-verre-pollution-sols\\\/\",\"url\":\"https:\\\/\\\/www.verredart.fr\\\/enterrer-verre-pollution-sols\\\/\",\"name\":\"Enterrer le verre : une pollution invisible qui d\u00e9truit la terre\",\"isPartOf\":{\"@id\":\"https:\\\/\\\/www.verredart.fr\\\/#website\"},\"primaryImageOfPage\":{\"@id\":\"https:\\\/\\\/www.verredart.fr\\\/enterrer-verre-pollution-sols\\\/#primaryimage\"},\"image\":{\"@id\":\"https:\\\/\\\/www.verredart.fr\\\/enterrer-verre-pollution-sols\\\/#primaryimage\"},\"thumbnailUrl\":\"https:\\\/\\\/www.verredart.fr\\\/wp-content\\\/uploads\\\/2025\\\/12\\\/IMG_5695-1024x683.jpg\",\"datePublished\":\"2025-12-14T08:10:26+00:00\",\"dateModified\":\"2026-01-23T10:22:47+00:00\",\"description\":\"D\u00e9couvrez pourquoi Enterrer le verre : une pollution invisible qui d\u00e9truit la terre. Les sols, ses effets invisibles sur l\u2019environnement.\",\"inLanguage\":\"en-US\",\"potentialAction\":[{\"@type\":\"ReadAction\",\"target\":[\"https:\\\/\\\/www.verredart.fr\\\/enterrer-verre-pollution-sols\\\/\"]}]},{\"@type\":\"ImageObject\",\"inLanguage\":\"en-US\",\"@id\":\"https:\\\/\\\/www.verredart.fr\\\/enterrer-verre-pollution-sols\\\/#primaryimage\",\"url\":\"https:\\\/\\\/www.verredart.fr\\\/wp-content\\\/uploads\\\/2025\\\/12\\\/IMG_5695-1024x683.jpg\",\"contentUrl\":\"https:\\\/\\\/www.verredart.fr\\\/wp-content\\\/uploads\\\/2025\\\/12\\\/IMG_5695-1024x683.jpg\"},{\"@type\":\"WebSite\",\"@id\":\"https:\\\/\\\/www.verredart.fr\\\/#website\",\"url\":\"https:\\\/\\\/www.verredart.fr\\\/\",\"name\":\"Verre d'Art\",\"description\":\"Recyclage de verre non recyclable en cr\u00e9ations uniques et engag\u00e9s\",\"publisher\":{\"@id\":\"https:\\\/\\\/www.verredart.fr\\\/#organization\"},\"potentialAction\":[{\"@type\":\"SearchAction\",\"target\":{\"@type\":\"EntryPoint\",\"urlTemplate\":\"https:\\\/\\\/www.verredart.fr\\\/?s={search_term_string}\"},\"query-input\":{\"@type\":\"PropertyValueSpecification\",\"valueRequired\":true,\"valueName\":\"search_term_string\"}}],\"inLanguage\":\"en-US\"},{\"@type\":\"Organization\",\"@id\":\"https:\\\/\\\/www.verredart.fr\\\/#organization\",\"name\":\"Verre d'Art\",\"url\":\"https:\\\/\\\/www.verredart.fr\\\/\",\"logo\":{\"@type\":\"ImageObject\",\"inLanguage\":\"en-US\",\"@id\":\"https:\\\/\\\/www.verredart.fr\\\/#\\\/schema\\\/logo\\\/image\\\/\",\"url\":\"\",\"contentUrl\":\"\",\"caption\":\"Verre d'Art\"},\"image\":{\"@id\":\"https:\\\/\\\/www.verredart.fr\\\/#\\\/schema\\\/logo\\\/image\\\/\"},\"sameAs\":[\"https:\\\/\\\/www.facebook.com\\\/Verredart\",\"https:\\\/\\\/x.com\\\/verredart\",\"https:\\\/\\\/www.instagram.com\\\/Verre_dart\",\"https:\\\/\\\/www.pinterest.fr\\\/verredart\\\/\"]},{\"@type\":\"Person\",\"@id\":\"https:\\\/\\\/www.verredart.fr\\\/#\\\/schema\\\/person\\\/c769e12053a7f1c5dd6d9f8c9fca6057\",\"name\":\"Andreia MATOS\",\"image\":{\"@type\":\"ImageObject\",\"inLanguage\":\"en-US\",\"@id\":\"https:\\\/\\\/secure.gravatar.com\\\/avatar\\\/fbcf1b70eff1b1ea4661df56cd246538284ef04ec40f8e79f98a736c6fa92be2?s=96&r=g&d=https:\\\/\\\/www.verredart.fr\\\/wp-content\\\/plugins\\\/userswp\\\/assets\\\/images\\\/no_profile.png\",\"url\":\"https:\\\/\\\/secure.gravatar.com\\\/avatar\\\/fbcf1b70eff1b1ea4661df56cd246538284ef04ec40f8e79f98a736c6fa92be2?s=96&r=g&d=https:\\\/\\\/www.verredart.fr\\\/wp-content\\\/plugins\\\/userswp\\\/assets\\\/images\\\/no_profile.png\",\"contentUrl\":\"https:\\\/\\\/secure.gravatar.com\\\/avatar\\\/fbcf1b70eff1b1ea4661df56cd246538284ef04ec40f8e79f98a736c6fa92be2?s=96&r=g&d=https:\\\/\\\/www.verredart.fr\\\/wp-content\\\/plugins\\\/userswp\\\/assets\\\/images\\\/no_profile.png\",\"caption\":\"Andreia MATOS\"},\"sameAs\":[\"https:\\\/\\\/www.verredart.fr\",\"https:\\\/\\\/www.facebook.com\\\/Verredart\",\"https:\\\/\\\/www.instagram.com\\\/Verre_dart\\\/\",\"https:\\\/\\\/fr.pinterest.com\\\/verredart\\\/\",\"https:\\\/\\\/www.youtube.com\\\/channel\\\/UCBmwHQbCg0GosJTClU0geQw\"],\"url\":\"https:\\\/\\\/www.verredart.fr\\\/en\\\/utilisateurs\\\/bamrdigital\\\/\"}]}<\/script>\n<!-- \/ Yoast SEO plugin. -->","yoast_head_json":{"title":"Enterrer le verre : une pollution invisible qui d\u00e9truit la terre","description":"D\u00e9couvrez pourquoi Enterrer le verre : une pollution invisible qui d\u00e9truit la terre. Les sols, ses effets invisibles sur l\u2019environnement.","robots":{"index":"index","follow":"follow","max-snippet":"max-snippet:-1","max-image-preview":"max-image-preview:large","max-video-preview":"max-video-preview:-1"},"canonical":"https:\/\/www.verredart.fr\/en\/enterrer-verre-pollution-sols\/","og_locale":"en_US","og_type":"article","og_title":"Enterrer le verre : une pollution invisible qui d\u00e9truit la terre","og_description":"D\u00e9couvrez pourquoi Enterrer le verre : une pollution invisible qui d\u00e9truit la terre. Les sols, ses effets invisibles sur l\u2019environnement.","og_url":"https:\/\/www.verredart.fr\/en\/enterrer-verre-pollution-sols\/","og_site_name":"Verre d&#039;Art","article_publisher":"https:\/\/www.facebook.com\/Verredart","article_author":"https:\/\/www.facebook.com\/Verredart","article_published_time":"2025-12-14T08:10:26+00:00","article_modified_time":"2026-01-23T10:22:47+00:00","og_image":[{"url":"https:\/\/www.verredart.fr\/wp-content\/uploads\/2025\/12\/IMG_5695-1024x683.jpg","type":"","width":"","height":""}],"author":"Andreia MATOS","twitter_card":"summary_large_image","twitter_creator":"@verredart","twitter_site":"@verredart","twitter_misc":{"Written by":"Andreia MATOS","Est. reading time":"3 minutes"},"schema":{"@context":"https:\/\/schema.org","@graph":[{"@type":"Article","@id":"https:\/\/www.verredart.fr\/enterrer-verre-pollution-sols\/#article","isPartOf":{"@id":"https:\/\/www.verredart.fr\/enterrer-verre-pollution-sols\/"},"author":{"name":"Andreia MATOS","@id":"https:\/\/www.verredart.fr\/#\/schema\/person\/c769e12053a7f1c5dd6d9f8c9fca6057"},"headline":"Enterrer le verre : une fausse bonne id\u00e9e qui pollue la terre pour des mill\u00e9naires","datePublished":"2025-12-14T08:10:26+00:00","dateModified":"2026-01-23T10:22:47+00:00","mainEntityOfPage":{"@id":"https:\/\/www.verredart.fr\/enterrer-verre-pollution-sols\/"},"wordCount":519,"commentCount":0,"publisher":{"@id":"https:\/\/www.verredart.fr\/#organization"},"image":{"@id":"https:\/\/www.verredart.fr\/enterrer-verre-pollution-sols\/#primaryimage"},"thumbnailUrl":"https:\/\/www.verredart.fr\/wp-content\/uploads\/2025\/12\/IMG_5695-1024x683.jpg","articleSection":["\u00c9cologie et consommation responsable"],"inLanguage":"en-US","potentialAction":[{"@type":"CommentAction","name":"Comment","target":["https:\/\/www.verredart.fr\/enterrer-verre-pollution-sols\/#respond"]}]},{"@type":"WebPage","@id":"https:\/\/www.verredart.fr\/enterrer-verre-pollution-sols\/","url":"https:\/\/www.verredart.fr\/enterrer-verre-pollution-sols\/","name":"Enterrer le verre : une pollution invisible qui d\u00e9truit la terre","isPartOf":{"@id":"https:\/\/www.verredart.fr\/#website"},"primaryImageOfPage":{"@id":"https:\/\/www.verredart.fr\/enterrer-verre-pollution-sols\/#primaryimage"},"image":{"@id":"https:\/\/www.verredart.fr\/enterrer-verre-pollution-sols\/#primaryimage"},"thumbnailUrl":"https:\/\/www.verredart.fr\/wp-content\/uploads\/2025\/12\/IMG_5695-1024x683.jpg","datePublished":"2025-12-14T08:10:26+00:00","dateModified":"2026-01-23T10:22:47+00:00","description":"D\u00e9couvrez pourquoi Enterrer le verre : une pollution invisible qui d\u00e9truit la terre. Les sols, ses effets invisibles sur l\u2019environnement.","inLanguage":"en-US","potentialAction":[{"@type":"ReadAction","target":["https:\/\/www.verredart.fr\/enterrer-verre-pollution-sols\/"]}]},{"@type":"ImageObject","inLanguage":"en-US","@id":"https:\/\/www.verredart.fr\/enterrer-verre-pollution-sols\/#primaryimage","url":"https:\/\/www.verredart.fr\/wp-content\/uploads\/2025\/12\/IMG_5695-1024x683.jpg","contentUrl":"https:\/\/www.verredart.fr\/wp-content\/uploads\/2025\/12\/IMG_5695-1024x683.jpg"},{"@type":"WebSite","@id":"https:\/\/www.verredart.fr\/#website","url":"https:\/\/www.verredart.fr\/","name":"Verre d'Art","description":"Recyclage de verre non recyclable en cr\u00e9ations uniques et engag\u00e9s","publisher":{"@id":"https:\/\/www.verredart.fr\/#organization"},"potentialAction":[{"@type":"SearchAction","target":{"@type":"EntryPoint","urlTemplate":"https:\/\/www.verredart.fr\/?s={search_term_string}"},"query-input":{"@type":"PropertyValueSpecification","valueRequired":true,"valueName":"search_term_string"}}],"inLanguage":"en-US"},{"@type":"Organization","@id":"https:\/\/www.verredart.fr\/#organization","name":"Verre d'Art","url":"https:\/\/www.verredart.fr\/","logo":{"@type":"ImageObject","inLanguage":"en-US","@id":"https:\/\/www.verredart.fr\/#\/schema\/logo\/image\/","url":"","contentUrl":"","caption":"Verre d'Art"},"image":{"@id":"https:\/\/www.verredart.fr\/#\/schema\/logo\/image\/"},"sameAs":["https:\/\/www.facebook.com\/Verredart","https:\/\/x.com\/verredart","https:\/\/www.instagram.com\/Verre_dart","https:\/\/www.pinterest.fr\/verredart\/"]},{"@type":"Person","@id":"https:\/\/www.verredart.fr\/#\/schema\/person\/c769e12053a7f1c5dd6d9f8c9fca6057","name":"Andreia MATOS","image":{"@type":"ImageObject","inLanguage":"en-US","@id":"https:\/\/secure.gravatar.com\/avatar\/fbcf1b70eff1b1ea4661df56cd246538284ef04ec40f8e79f98a736c6fa92be2?s=96&r=g&d=https:\/\/www.verredart.fr\/wp-content\/plugins\/userswp\/assets\/images\/no_profile.png","url":"https:\/\/secure.gravatar.com\/avatar\/fbcf1b70eff1b1ea4661df56cd246538284ef04ec40f8e79f98a736c6fa92be2?s=96&r=g&d=https:\/\/www.verredart.fr\/wp-content\/plugins\/userswp\/assets\/images\/no_profile.png","contentUrl":"https:\/\/secure.gravatar.com\/avatar\/fbcf1b70eff1b1ea4661df56cd246538284ef04ec40f8e79f98a736c6fa92be2?s=96&r=g&d=https:\/\/www.verredart.fr\/wp-content\/plugins\/userswp\/assets\/images\/no_profile.png","caption":"Andreia MATOS"},"sameAs":["https:\/\/www.verredart.fr","https:\/\/www.facebook.com\/Verredart","https:\/\/www.instagram.com\/Verre_dart\/","https:\/\/fr.pinterest.com\/verredart\/","https:\/\/www.youtube.com\/channel\/UCBmwHQbCg0GosJTClU0geQw"],"url":"https:\/\/www.verredart.fr\/en\/utilisateurs\/bamrdigital\/"}]}},"jetpack_featured_media_url":"","jetpack_sharing_enabled":true,"_links":{"self":[{"href":"https:\/\/www.verredart.fr\/en\/wp-json\/wp\/v2\/posts\/6339","targetHints":{"allow":["GET"]}}],"collection":[{"href":"https:\/\/www.verredart.fr\/en\/wp-json\/wp\/v2\/posts"}],"about":[{"href":"https:\/\/www.verredart.fr\/en\/wp-json\/wp\/v2\/types\/post"}],"author":[{"embeddable":true,"href":"https:\/\/www.verredart.fr\/en\/wp-json\/wp\/v2\/users\/1"}],"replies":[{"embeddable":true,"href":"https:\/\/www.verredart.fr\/en\/wp-json\/wp\/v2\/comments?post=6339"}],"version-history":[{"count":3,"href":"https:\/\/www.verredart.fr\/en\/wp-json\/wp\/v2\/posts\/6339\/revisions"}],"predecessor-version":[{"id":6539,"href":"https:\/\/www.verredart.fr\/en\/wp-json\/wp\/v2\/posts\/6339\/revisions\/6539"}],"wp:attachment":[{"href":"https:\/\/www.verredart.fr\/en\/wp-json\/wp\/v2\/media?parent=6339"}],"wp:term":[{"taxonomy":"category","embeddable":true,"href":"https:\/\/www.verredart.fr\/en\/wp-json\/wp\/v2\/categories?post=6339"},{"taxonomy":"post_tag","embeddable":true,"href":"https:\/\/www.verredart.fr\/en\/wp-json\/wp\/v2\/tags?post=6339"}],"curies":[{"name":"wp","href":"https:\/\/api.w.org\/{rel}","templated":true}]}}