{"id":17,"count":91,"description":"<strong>Boucles d\u2019oreilles en verre recycl\u00e9 non recyclable \u2013 Artisanat fran\u00e7ais<\/strong>\r\n<p data-start=\"2210\" data-end=\"2382\">Ces <strong data-start=\"2214\" data-end=\"2268\">boucles d\u2019oreilles en verre recycl\u00e9 non recyclable<\/strong> sont enti\u00e8rement faites main.<br data-start=\"2298\" data-end=\"2301\" \/>Le verre est refondu, fil\u00e9 ou souffl\u00e9 au chalumeau, sans moule ni automatisation.<\/p>\r\n<p data-start=\"2384\" data-end=\"2444\">Chaque paire est diff\u00e9rente.<br data-start=\"2412\" data-end=\"2415\" \/>Chaque d\u00e9tail est volontaire.<\/p>","link":"https:\/\/www.verredart.fr\/en\/bijoux-en-verre-recycle\/boucles-doreilles-en-verre-recycle\/","name":"Boucles d'oreilles","slug":"boucles-doreilles-en-verre-recycle","taxonomy":"product_cat","parent":0,"meta":[],"menu_order":2,"yoast_head":"<!-- This site is optimized with the Yoast SEO plugin v27.4 - https:\/\/yoast.com\/product\/yoast-seo-wordpress\/ -->\n<title>Boucles d&#039;oreilles en verre recycl\u00e9 non recyclable - Verre d&#039;Art<\/title>\n<meta name=\"description\" content=\"Explorez ma collection de boucles d&#039;oreilles en verre recycl\u00e9 non recyclable, fabriqu\u00e9es \u00e0 la main avec soin. Des cr\u00e9ations uniques et \u00e9corespons\" \/>\n<meta name=\"robots\" content=\"index, follow, max-snippet:-1, max-image-preview:large, max-video-preview:-1\" \/>\n<link rel=\"canonical\" href=\"https:\/\/www.verredart.fr\/en\/bijoux-en-verre-recycle\/boucles-doreilles-en-verre-recycle\/\" \/>\n<meta property=\"og:locale\" content=\"en_US\" \/>\n<meta property=\"og:type\" content=\"article\" \/>\n<meta property=\"og:title\" content=\"Boucles d&#039;oreilles en verre recycl\u00e9 non recyclable - Verre d&#039;Art\" \/>\n<meta property=\"og:description\" content=\"Explorez ma collection de boucles d&#039;oreilles en verre recycl\u00e9 non recyclable, fabriqu\u00e9es \u00e0 la main avec soin. Des cr\u00e9ations uniques et \u00e9corespons\" \/>\n<meta property=\"og:url\" content=\"https:\/\/www.verredart.fr\/en\/bijoux-en-verre-recycle\/boucles-doreilles-en-verre-recycle\/\" \/>\n<meta property=\"og:site_name\" content=\"Verre d&#039;Art\" \/>\n<meta name=\"twitter:card\" content=\"summary_large_image\" \/>\n<meta name=\"twitter:site\" content=\"@verredart\" \/>\n<script type=\"application\/ld+json\" class=\"yoast-schema-graph\">{\"@context\":\"https:\\\/\\\/schema.org\",\"@graph\":[{\"@type\":\"CollectionPage\",\"@id\":\"https:\\\/\\\/www.verredart.fr\\\/bijoux-en-verre-recycle\\\/boucles-doreilles-en-verre-recycle\\\/\",\"url\":\"https:\\\/\\\/www.verredart.fr\\\/bijoux-en-verre-recycle\\\/boucles-doreilles-en-verre-recycle\\\/\",\"name\":\"Boucles d'oreilles en verre recycl\u00e9 non recyclable - Verre d'Art\",\"isPartOf\":{\"@id\":\"https:\\\/\\\/www.verredart.fr\\\/#website\"},\"description\":\"Explorez ma collection de boucles d'oreilles en verre recycl\u00e9 non recyclable, fabriqu\u00e9es \u00e0 la main avec soin. Des cr\u00e9ations uniques et \u00e9coresponsables...\",\"breadcrumb\":{\"@id\":\"https:\\\/\\\/www.verredart.fr\\\/bijoux-en-verre-recycle\\\/boucles-doreilles-en-verre-recycle\\\/#breadcrumb\"},\"inLanguage\":\"en-US\"},{\"@type\":\"BreadcrumbList\",\"@id\":\"https:\\\/\\\/www.verredart.fr\\\/bijoux-en-verre-recycle\\\/boucles-doreilles-en-verre-recycle\\\/#breadcrumb\",\"itemListElement\":[{\"@type\":\"ListItem\",\"position\":1,\"name\":\"Collections\",\"item\":\"https:\\\/\\\/www.verredart.fr\\\/verre-dart-bijoux-en-verre-recycle\\\/boutique-bijoux-en-verre-culinaire-recycle\\\/\"},{\"@type\":\"ListItem\",\"position\":2,\"name\":\"Boucles d'oreilles\"}]},{\"@type\":\"WebSite\",\"@id\":\"https:\\\/\\\/www.verredart.fr\\\/#website\",\"url\":\"https:\\\/\\\/www.verredart.fr\\\/\",\"name\":\"Verre d'Art\",\"description\":\"Recyclage de verre non recyclable en cr\u00e9ations uniques et engag\u00e9s\",\"publisher\":{\"@id\":\"https:\\\/\\\/www.verredart.fr\\\/#organization\"},\"potentialAction\":[{\"@type\":\"SearchAction\",\"target\":{\"@type\":\"EntryPoint\",\"urlTemplate\":\"https:\\\/\\\/www.verredart.fr\\\/?s={search_term_string}\"},\"query-input\":{\"@type\":\"PropertyValueSpecification\",\"valueRequired\":true,\"valueName\":\"search_term_string\"}}],\"inLanguage\":\"en-US\"},{\"@type\":\"Organization\",\"@id\":\"https:\\\/\\\/www.verredart.fr\\\/#organization\",\"name\":\"Verre d'Art\",\"url\":\"https:\\\/\\\/www.verredart.fr\\\/\",\"logo\":{\"@type\":\"ImageObject\",\"inLanguage\":\"en-US\",\"@id\":\"https:\\\/\\\/www.verredart.fr\\\/#\\\/schema\\\/logo\\\/image\\\/\",\"url\":\"\",\"contentUrl\":\"\",\"caption\":\"Verre d'Art\"},\"image\":{\"@id\":\"https:\\\/\\\/www.verredart.fr\\\/#\\\/schema\\\/logo\\\/image\\\/\"},\"sameAs\":[\"https:\\\/\\\/www.facebook.com\\\/Verredart\",\"https:\\\/\\\/x.com\\\/verredart\",\"https:\\\/\\\/www.instagram.com\\\/Verre_dart\",\"https:\\\/\\\/www.pinterest.fr\\\/verredart\\\/\"]}]}<\/script>\n<!-- \/ Yoast SEO plugin. -->","yoast_head_json":{"title":"Boucles d'oreilles en verre recycl\u00e9 non recyclable - Verre d'Art","description":"Explorez ma collection de boucles d'oreilles en verre recycl\u00e9 non recyclable, fabriqu\u00e9es \u00e0 la main avec soin. Des cr\u00e9ations uniques et \u00e9corespons","robots":{"index":"index","follow":"follow","max-snippet":"max-snippet:-1","max-image-preview":"max-image-preview:large","max-video-preview":"max-video-preview:-1"},"canonical":"https:\/\/www.verredart.fr\/en\/bijoux-en-verre-recycle\/boucles-doreilles-en-verre-recycle\/","og_locale":"en_US","og_type":"article","og_title":"Boucles d'oreilles en verre recycl\u00e9 non recyclable - Verre d'Art","og_description":"Explorez ma collection de boucles d'oreilles en verre recycl\u00e9 non recyclable, fabriqu\u00e9es \u00e0 la main avec soin. Des cr\u00e9ations uniques et \u00e9corespons","og_url":"https:\/\/www.verredart.fr\/en\/bijoux-en-verre-recycle\/boucles-doreilles-en-verre-recycle\/","og_site_name":"Verre d&#039;Art","twitter_card":"summary_large_image","twitter_site":"@verredart","schema":{"@context":"https:\/\/schema.org","@graph":[{"@type":"CollectionPage","@id":"https:\/\/www.verredart.fr\/bijoux-en-verre-recycle\/boucles-doreilles-en-verre-recycle\/","url":"https:\/\/www.verredart.fr\/bijoux-en-verre-recycle\/boucles-doreilles-en-verre-recycle\/","name":"Boucles d'oreilles en verre recycl\u00e9 non recyclable - Verre d'Art","isPartOf":{"@id":"https:\/\/www.verredart.fr\/#website"},"description":"Explorez ma collection de boucles d'oreilles en verre recycl\u00e9 non recyclable, fabriqu\u00e9es \u00e0 la main avec soin. Des cr\u00e9ations uniques et \u00e9coresponsables...","breadcrumb":{"@id":"https:\/\/www.verredart.fr\/bijoux-en-verre-recycle\/boucles-doreilles-en-verre-recycle\/#breadcrumb"},"inLanguage":"en-US"},{"@type":"BreadcrumbList","@id":"https:\/\/www.verredart.fr\/bijoux-en-verre-recycle\/boucles-doreilles-en-verre-recycle\/#breadcrumb","itemListElement":[{"@type":"ListItem","position":1,"name":"Collections","item":"https:\/\/www.verredart.fr\/verre-dart-bijoux-en-verre-recycle\/boutique-bijoux-en-verre-culinaire-recycle\/"},{"@type":"ListItem","position":2,"name":"Boucles d'oreilles"}]},{"@type":"WebSite","@id":"https:\/\/www.verredart.fr\/#website","url":"https:\/\/www.verredart.fr\/","name":"Verre d'Art","description":"Recyclage de verre non recyclable en cr\u00e9ations uniques et engag\u00e9s","publisher":{"@id":"https:\/\/www.verredart.fr\/#organization"},"potentialAction":[{"@type":"SearchAction","target":{"@type":"EntryPoint","urlTemplate":"https:\/\/www.verredart.fr\/?s={search_term_string}"},"query-input":{"@type":"PropertyValueSpecification","valueRequired":true,"valueName":"search_term_string"}}],"inLanguage":"en-US"},{"@type":"Organization","@id":"https:\/\/www.verredart.fr\/#organization","name":"Verre d'Art","url":"https:\/\/www.verredart.fr\/","logo":{"@type":"ImageObject","inLanguage":"en-US","@id":"https:\/\/www.verredart.fr\/#\/schema\/logo\/image\/","url":"","contentUrl":"","caption":"Verre d'Art"},"image":{"@id":"https:\/\/www.verredart.fr\/#\/schema\/logo\/image\/"},"sameAs":["https:\/\/www.facebook.com\/Verredart","https:\/\/x.com\/verredart","https:\/\/www.instagram.com\/Verre_dart","https:\/\/www.pinterest.fr\/verredart\/"]}]}},"cat_url":"https:\/\/www.verredart.fr\/en\/bijoux-en-verre-recycle\/boucles-doreilles-en-verre-recycle\/","_links":{"self":[{"href":"https:\/\/www.verredart.fr\/en\/wp-json\/wp\/v2\/product_cat\/17","targetHints":{"allow":["GET"]}}],"collection":[{"href":"https:\/\/www.verredart.fr\/en\/wp-json\/wp\/v2\/product_cat"}],"about":[{"href":"https:\/\/www.verredart.fr\/en\/wp-json\/wp\/v2\/taxonomies\/product_cat"}],"wp:post_type":[{"href":"https:\/\/www.verredart.fr\/en\/wp-json\/wp\/v2\/product?product_cat=17"}],"curies":[{"name":"wp","href":"https:\/\/api.w.org\/{rel}","templated":true}]}}