{"id":217,"count":23,"description":"<p data-start=\"438\" data-end=\"657\">Ces cr\u00e9ations viennent tout juste de na\u00eetre dans le feu du chalumeau.<br data-start=\"507\" data-end=\"510\" \/>Chaque pi\u00e8ce est r\u00e9alis\u00e9e \u00e0 partir de <strong data-start=\"550\" data-end=\"582\">verre recycl\u00e9 non recyclable<\/strong> : vaisselle, vitraux, cristal ou Pyrex transform\u00e9s en cr\u00e9ations uniques.<\/p>\r\n<p data-start=\"664\" data-end=\"716\">Elles sont disponibles en <strong data-start=\"690\" data-end=\"715\">quantit\u00e9 tr\u00e8s limit\u00e9e<\/strong>.<\/p>\r\n&nbsp;","link":"https:\/\/www.verredart.fr\/en\/bijoux-en-verre-recycle\/nouveautes-verre-recycle\/","name":"Nouveaut\u00e9s","slug":"nouveautes-verre-recycle","taxonomy":"product_cat","parent":0,"meta":[],"menu_order":0,"yoast_head":"<!-- This site is optimized with the Yoast SEO plugin v27.4 - https:\/\/yoast.com\/product\/yoast-seo-wordpress\/ -->\n<title>Nouveaut\u00e9s en verre recycl\u00e9 | cr\u00e9ations artisanales uniques<\/title>\n<meta name=\"description\" content=\"D\u00e9couvrez mes nouvelles cr\u00e9ations en verre recycl\u00e9 non recyclable fa\u00e7onn\u00e9es au chalumeau : bijoux, pendentifs et accessoires uniques.\" \/>\n<meta name=\"robots\" content=\"index, follow, max-snippet:-1, max-image-preview:large, max-video-preview:-1\" \/>\n<link rel=\"canonical\" href=\"https:\/\/www.verredart.fr\/en\/bijoux-en-verre-recycle\/nouveautes-verre-recycle\/\" \/>\n<meta property=\"og:locale\" content=\"en_US\" \/>\n<meta property=\"og:type\" content=\"article\" \/>\n<meta property=\"og:title\" content=\"Nouveaut\u00e9s en verre recycl\u00e9 | cr\u00e9ations artisanales uniques\" \/>\n<meta property=\"og:description\" content=\"D\u00e9couvrez mes nouvelles cr\u00e9ations en verre recycl\u00e9 non recyclable fa\u00e7onn\u00e9es au chalumeau : bijoux, pendentifs et accessoires uniques.\" \/>\n<meta property=\"og:url\" content=\"https:\/\/www.verredart.fr\/en\/bijoux-en-verre-recycle\/nouveautes-verre-recycle\/\" \/>\n<meta property=\"og:site_name\" content=\"Verre d&#039;Art\" \/>\n<meta name=\"twitter:card\" content=\"summary_large_image\" \/>\n<meta name=\"twitter:site\" content=\"@verredart\" \/>\n<script type=\"application\/ld+json\" class=\"yoast-schema-graph\">{\"@context\":\"https:\\\/\\\/schema.org\",\"@graph\":[{\"@type\":\"CollectionPage\",\"@id\":\"https:\\\/\\\/www.verredart.fr\\\/bijoux-en-verre-recycle\\\/nouveautes-verre-recycle\\\/\",\"url\":\"https:\\\/\\\/www.verredart.fr\\\/bijoux-en-verre-recycle\\\/nouveautes-verre-recycle\\\/\",\"name\":\"Nouveaut\u00e9s en verre recycl\u00e9 | cr\u00e9ations artisanales uniques\",\"isPartOf\":{\"@id\":\"https:\\\/\\\/www.verredart.fr\\\/#website\"},\"description\":\"D\u00e9couvrez mes nouvelles cr\u00e9ations en verre recycl\u00e9 non recyclable fa\u00e7onn\u00e9es au chalumeau : bijoux, pendentifs et accessoires uniques.\",\"breadcrumb\":{\"@id\":\"https:\\\/\\\/www.verredart.fr\\\/bijoux-en-verre-recycle\\\/nouveautes-verre-recycle\\\/#breadcrumb\"},\"inLanguage\":\"en-US\"},{\"@type\":\"BreadcrumbList\",\"@id\":\"https:\\\/\\\/www.verredart.fr\\\/bijoux-en-verre-recycle\\\/nouveautes-verre-recycle\\\/#breadcrumb\",\"itemListElement\":[{\"@type\":\"ListItem\",\"position\":1,\"name\":\"Collections\",\"item\":\"https:\\\/\\\/www.verredart.fr\\\/verre-dart-bijoux-en-verre-recycle\\\/boutique-bijoux-en-verre-culinaire-recycle\\\/\"},{\"@type\":\"ListItem\",\"position\":2,\"name\":\"Nouveaut\u00e9s\"}]},{\"@type\":\"WebSite\",\"@id\":\"https:\\\/\\\/www.verredart.fr\\\/#website\",\"url\":\"https:\\\/\\\/www.verredart.fr\\\/\",\"name\":\"Verre d'Art\",\"description\":\"Recyclage de verre non recyclable en cr\u00e9ations uniques et engag\u00e9s\",\"publisher\":{\"@id\":\"https:\\\/\\\/www.verredart.fr\\\/#organization\"},\"potentialAction\":[{\"@type\":\"SearchAction\",\"target\":{\"@type\":\"EntryPoint\",\"urlTemplate\":\"https:\\\/\\\/www.verredart.fr\\\/?s={search_term_string}\"},\"query-input\":{\"@type\":\"PropertyValueSpecification\",\"valueRequired\":true,\"valueName\":\"search_term_string\"}}],\"inLanguage\":\"en-US\"},{\"@type\":\"Organization\",\"@id\":\"https:\\\/\\\/www.verredart.fr\\\/#organization\",\"name\":\"Verre d'Art\",\"url\":\"https:\\\/\\\/www.verredart.fr\\\/\",\"logo\":{\"@type\":\"ImageObject\",\"inLanguage\":\"en-US\",\"@id\":\"https:\\\/\\\/www.verredart.fr\\\/#\\\/schema\\\/logo\\\/image\\\/\",\"url\":\"\",\"contentUrl\":\"\",\"caption\":\"Verre d'Art\"},\"image\":{\"@id\":\"https:\\\/\\\/www.verredart.fr\\\/#\\\/schema\\\/logo\\\/image\\\/\"},\"sameAs\":[\"https:\\\/\\\/www.facebook.com\\\/Verredart\",\"https:\\\/\\\/x.com\\\/verredart\",\"https:\\\/\\\/www.instagram.com\\\/Verre_dart\",\"https:\\\/\\\/www.pinterest.fr\\\/verredart\\\/\"]}]}<\/script>\n<!-- \/ Yoast SEO plugin. -->","yoast_head_json":{"title":"Nouveaut\u00e9s en verre recycl\u00e9 | cr\u00e9ations artisanales uniques","description":"D\u00e9couvrez mes nouvelles cr\u00e9ations en verre recycl\u00e9 non recyclable fa\u00e7onn\u00e9es au chalumeau : bijoux, pendentifs et accessoires uniques.","robots":{"index":"index","follow":"follow","max-snippet":"max-snippet:-1","max-image-preview":"max-image-preview:large","max-video-preview":"max-video-preview:-1"},"canonical":"https:\/\/www.verredart.fr\/en\/bijoux-en-verre-recycle\/nouveautes-verre-recycle\/","og_locale":"en_US","og_type":"article","og_title":"Nouveaut\u00e9s en verre recycl\u00e9 | cr\u00e9ations artisanales uniques","og_description":"D\u00e9couvrez mes nouvelles cr\u00e9ations en verre recycl\u00e9 non recyclable fa\u00e7onn\u00e9es au chalumeau : bijoux, pendentifs et accessoires uniques.","og_url":"https:\/\/www.verredart.fr\/en\/bijoux-en-verre-recycle\/nouveautes-verre-recycle\/","og_site_name":"Verre d&#039;Art","twitter_card":"summary_large_image","twitter_site":"@verredart","schema":{"@context":"https:\/\/schema.org","@graph":[{"@type":"CollectionPage","@id":"https:\/\/www.verredart.fr\/bijoux-en-verre-recycle\/nouveautes-verre-recycle\/","url":"https:\/\/www.verredart.fr\/bijoux-en-verre-recycle\/nouveautes-verre-recycle\/","name":"Nouveaut\u00e9s en verre recycl\u00e9 | cr\u00e9ations artisanales uniques","isPartOf":{"@id":"https:\/\/www.verredart.fr\/#website"},"description":"D\u00e9couvrez mes nouvelles cr\u00e9ations en verre recycl\u00e9 non recyclable fa\u00e7onn\u00e9es au chalumeau : bijoux, pendentifs et accessoires uniques.","breadcrumb":{"@id":"https:\/\/www.verredart.fr\/bijoux-en-verre-recycle\/nouveautes-verre-recycle\/#breadcrumb"},"inLanguage":"en-US"},{"@type":"BreadcrumbList","@id":"https:\/\/www.verredart.fr\/bijoux-en-verre-recycle\/nouveautes-verre-recycle\/#breadcrumb","itemListElement":[{"@type":"ListItem","position":1,"name":"Collections","item":"https:\/\/www.verredart.fr\/verre-dart-bijoux-en-verre-recycle\/boutique-bijoux-en-verre-culinaire-recycle\/"},{"@type":"ListItem","position":2,"name":"Nouveaut\u00e9s"}]},{"@type":"WebSite","@id":"https:\/\/www.verredart.fr\/#website","url":"https:\/\/www.verredart.fr\/","name":"Verre d'Art","description":"Recyclage de verre non recyclable en cr\u00e9ations uniques et engag\u00e9s","publisher":{"@id":"https:\/\/www.verredart.fr\/#organization"},"potentialAction":[{"@type":"SearchAction","target":{"@type":"EntryPoint","urlTemplate":"https:\/\/www.verredart.fr\/?s={search_term_string}"},"query-input":{"@type":"PropertyValueSpecification","valueRequired":true,"valueName":"search_term_string"}}],"inLanguage":"en-US"},{"@type":"Organization","@id":"https:\/\/www.verredart.fr\/#organization","name":"Verre d'Art","url":"https:\/\/www.verredart.fr\/","logo":{"@type":"ImageObject","inLanguage":"en-US","@id":"https:\/\/www.verredart.fr\/#\/schema\/logo\/image\/","url":"","contentUrl":"","caption":"Verre d'Art"},"image":{"@id":"https:\/\/www.verredart.fr\/#\/schema\/logo\/image\/"},"sameAs":["https:\/\/www.facebook.com\/Verredart","https:\/\/x.com\/verredart","https:\/\/www.instagram.com\/Verre_dart","https:\/\/www.pinterest.fr\/verredart\/"]}]}},"cat_url":"https:\/\/www.verredart.fr\/en\/bijoux-en-verre-recycle\/nouveautes-verre-recycle\/","_links":{"self":[{"href":"https:\/\/www.verredart.fr\/en\/wp-json\/wp\/v2\/product_cat\/217","targetHints":{"allow":["GET"]}}],"collection":[{"href":"https:\/\/www.verredart.fr\/en\/wp-json\/wp\/v2\/product_cat"}],"about":[{"href":"https:\/\/www.verredart.fr\/en\/wp-json\/wp\/v2\/taxonomies\/product_cat"}],"wp:post_type":[{"href":"https:\/\/www.verredart.fr\/en\/wp-json\/wp\/v2\/product?product_cat=217"}],"curies":[{"name":"wp","href":"https:\/\/api.w.org\/{rel}","templated":true}]}}