{"id":26,"count":4,"description":"","link":"https:\/\/www.verredart.fr\/en\/bijoux-en-verre-recycle\/art-de-la-table-verre-recycle-non-recyclable\/pics-a-aperitifs\/","name":"Appetizer picks","slug":"pics-a-aperitifs","taxonomy":"product_cat","parent":210,"meta":[],"menu_order":7,"yoast_head":"<!-- This site is optimized with the Yoast SEO plugin v27.4 - https:\/\/yoast.com\/product\/yoast-seo-wordpress\/ -->\n<title>Pics \u00e0 ap\u00e9ritifs en verre recycl\u00e9 non recyclable - Fait main<\/title>\n<meta name=\"description\" content=\"Apportez une touche d&#039;\u00e9l\u00e9gance \u00e9coresponsable \u00e0 vos r\u00e9ceptions avec mes pics \u00e0 ap\u00e9ritifs en verre recycl\u00e9. Chaque pi\u00e8ce est unique, faite mai\" \/>\n<meta name=\"robots\" content=\"index, follow, max-snippet:-1, max-image-preview:large, max-video-preview:-1\" \/>\n<link rel=\"canonical\" href=\"https:\/\/www.verredart.fr\/en\/bijoux-en-verre-recycle\/art-de-la-table-verre-recycle-non-recyclable\/pics-a-aperitifs\/\" \/>\n<meta property=\"og:locale\" content=\"en_US\" \/>\n<meta property=\"og:type\" content=\"article\" \/>\n<meta property=\"og:title\" content=\"Pics \u00e0 ap\u00e9ritifs en verre recycl\u00e9 non recyclable - Fait main\" \/>\n<meta property=\"og:description\" content=\"Apportez une touche d&#039;\u00e9l\u00e9gance \u00e9coresponsable \u00e0 vos r\u00e9ceptions avec mes pics \u00e0 ap\u00e9ritifs en verre recycl\u00e9. Chaque pi\u00e8ce est unique, faite mai\" \/>\n<meta property=\"og:url\" content=\"https:\/\/www.verredart.fr\/en\/bijoux-en-verre-recycle\/art-de-la-table-verre-recycle-non-recyclable\/pics-a-aperitifs\/\" \/>\n<meta property=\"og:site_name\" content=\"Verre d&#039;Art\" \/>\n<meta name=\"twitter:card\" content=\"summary_large_image\" \/>\n<meta name=\"twitter:site\" content=\"@verredart\" \/>\n<script type=\"application\/ld+json\" class=\"yoast-schema-graph\">{\"@context\":\"https:\\\/\\\/schema.org\",\"@graph\":[{\"@type\":\"CollectionPage\",\"@id\":\"https:\\\/\\\/www.verredart.fr\\\/bijoux-en-verre-recycle\\\/art-de-la-table-verre-recycle-non-recyclable\\\/pics-a-aperitifs\\\/\",\"url\":\"https:\\\/\\\/www.verredart.fr\\\/bijoux-en-verre-recycle\\\/art-de-la-table-verre-recycle-non-recyclable\\\/pics-a-aperitifs\\\/\",\"name\":\"Pics \u00e0 ap\u00e9ritifs en verre recycl\u00e9 non recyclable - Fait main\",\"isPartOf\":{\"@id\":\"https:\\\/\\\/www.verredart.fr\\\/#website\"},\"description\":\"Apportez une touche d'\u00e9l\u00e9gance \u00e9coresponsable \u00e0 vos r\u00e9ceptions avec mes pics \u00e0 ap\u00e9ritifs en verre recycl\u00e9. Chaque pi\u00e8ce est unique, faite main | Verre d'Art\",\"breadcrumb\":{\"@id\":\"https:\\\/\\\/www.verredart.fr\\\/bijoux-en-verre-recycle\\\/art-de-la-table-verre-recycle-non-recyclable\\\/pics-a-aperitifs\\\/#breadcrumb\"},\"inLanguage\":\"en-US\"},{\"@type\":\"BreadcrumbList\",\"@id\":\"https:\\\/\\\/www.verredart.fr\\\/bijoux-en-verre-recycle\\\/art-de-la-table-verre-recycle-non-recyclable\\\/pics-a-aperitifs\\\/#breadcrumb\",\"itemListElement\":[{\"@type\":\"ListItem\",\"position\":1,\"name\":\"Collections\",\"item\":\"https:\\\/\\\/www.verredart.fr\\\/verre-dart-bijoux-en-verre-recycle\\\/boutique-bijoux-en-verre-culinaire-recycle\\\/\"},{\"@type\":\"ListItem\",\"position\":2,\"name\":\"Art de la table\",\"item\":\"https:\\\/\\\/www.verredart.fr\\\/bijoux-en-verre-recycle\\\/art-de-la-table-verre-recycle-non-recyclable\\\/\"},{\"@type\":\"ListItem\",\"position\":3,\"name\":\"Pics \u00e0 ap\u00e9ritifs\"}]},{\"@type\":\"WebSite\",\"@id\":\"https:\\\/\\\/www.verredart.fr\\\/#website\",\"url\":\"https:\\\/\\\/www.verredart.fr\\\/\",\"name\":\"Verre d'Art\",\"description\":\"Recyclage de verre non recyclable en cr\u00e9ations uniques et engag\u00e9s\",\"publisher\":{\"@id\":\"https:\\\/\\\/www.verredart.fr\\\/#organization\"},\"potentialAction\":[{\"@type\":\"SearchAction\",\"target\":{\"@type\":\"EntryPoint\",\"urlTemplate\":\"https:\\\/\\\/www.verredart.fr\\\/?s={search_term_string}\"},\"query-input\":{\"@type\":\"PropertyValueSpecification\",\"valueRequired\":true,\"valueName\":\"search_term_string\"}}],\"inLanguage\":\"en-US\"},{\"@type\":\"Organization\",\"@id\":\"https:\\\/\\\/www.verredart.fr\\\/#organization\",\"name\":\"Verre d'Art\",\"url\":\"https:\\\/\\\/www.verredart.fr\\\/\",\"logo\":{\"@type\":\"ImageObject\",\"inLanguage\":\"en-US\",\"@id\":\"https:\\\/\\\/www.verredart.fr\\\/#\\\/schema\\\/logo\\\/image\\\/\",\"url\":\"\",\"contentUrl\":\"\",\"caption\":\"Verre d'Art\"},\"image\":{\"@id\":\"https:\\\/\\\/www.verredart.fr\\\/#\\\/schema\\\/logo\\\/image\\\/\"},\"sameAs\":[\"https:\\\/\\\/www.facebook.com\\\/Verredart\",\"https:\\\/\\\/x.com\\\/verredart\",\"https:\\\/\\\/www.instagram.com\\\/Verre_dart\",\"https:\\\/\\\/www.pinterest.fr\\\/verredart\\\/\"]}]}<\/script>\n<!-- \/ Yoast SEO plugin. -->","yoast_head_json":{"title":"Pics \u00e0 ap\u00e9ritifs en verre recycl\u00e9 non recyclable - Fait main","description":"Apportez une touche d'\u00e9l\u00e9gance \u00e9coresponsable \u00e0 vos r\u00e9ceptions avec mes pics \u00e0 ap\u00e9ritifs en verre recycl\u00e9. Chaque pi\u00e8ce est unique, faite mai","robots":{"index":"index","follow":"follow","max-snippet":"max-snippet:-1","max-image-preview":"max-image-preview:large","max-video-preview":"max-video-preview:-1"},"canonical":"https:\/\/www.verredart.fr\/en\/bijoux-en-verre-recycle\/art-de-la-table-verre-recycle-non-recyclable\/pics-a-aperitifs\/","og_locale":"en_US","og_type":"article","og_title":"Pics \u00e0 ap\u00e9ritifs en verre recycl\u00e9 non recyclable - Fait main","og_description":"Apportez une touche d'\u00e9l\u00e9gance \u00e9coresponsable \u00e0 vos r\u00e9ceptions avec mes pics \u00e0 ap\u00e9ritifs en verre recycl\u00e9. Chaque pi\u00e8ce est unique, faite mai","og_url":"https:\/\/www.verredart.fr\/en\/bijoux-en-verre-recycle\/art-de-la-table-verre-recycle-non-recyclable\/pics-a-aperitifs\/","og_site_name":"Verre d&#039;Art","twitter_card":"summary_large_image","twitter_site":"@verredart","schema":{"@context":"https:\/\/schema.org","@graph":[{"@type":"CollectionPage","@id":"https:\/\/www.verredart.fr\/bijoux-en-verre-recycle\/art-de-la-table-verre-recycle-non-recyclable\/pics-a-aperitifs\/","url":"https:\/\/www.verredart.fr\/bijoux-en-verre-recycle\/art-de-la-table-verre-recycle-non-recyclable\/pics-a-aperitifs\/","name":"Pics \u00e0 ap\u00e9ritifs en verre recycl\u00e9 non recyclable - Fait main","isPartOf":{"@id":"https:\/\/www.verredart.fr\/#website"},"description":"Apportez une touche d'\u00e9l\u00e9gance \u00e9coresponsable \u00e0 vos r\u00e9ceptions avec mes pics \u00e0 ap\u00e9ritifs en verre recycl\u00e9. Chaque pi\u00e8ce est unique, faite main | Verre d'Art","breadcrumb":{"@id":"https:\/\/www.verredart.fr\/bijoux-en-verre-recycle\/art-de-la-table-verre-recycle-non-recyclable\/pics-a-aperitifs\/#breadcrumb"},"inLanguage":"en-US"},{"@type":"BreadcrumbList","@id":"https:\/\/www.verredart.fr\/bijoux-en-verre-recycle\/art-de-la-table-verre-recycle-non-recyclable\/pics-a-aperitifs\/#breadcrumb","itemListElement":[{"@type":"ListItem","position":1,"name":"Collections","item":"https:\/\/www.verredart.fr\/verre-dart-bijoux-en-verre-recycle\/boutique-bijoux-en-verre-culinaire-recycle\/"},{"@type":"ListItem","position":2,"name":"Art de la table","item":"https:\/\/www.verredart.fr\/bijoux-en-verre-recycle\/art-de-la-table-verre-recycle-non-recyclable\/"},{"@type":"ListItem","position":3,"name":"Pics \u00e0 ap\u00e9ritifs"}]},{"@type":"WebSite","@id":"https:\/\/www.verredart.fr\/#website","url":"https:\/\/www.verredart.fr\/","name":"Verre d'Art","description":"Recyclage de verre non recyclable en cr\u00e9ations uniques et engag\u00e9s","publisher":{"@id":"https:\/\/www.verredart.fr\/#organization"},"potentialAction":[{"@type":"SearchAction","target":{"@type":"EntryPoint","urlTemplate":"https:\/\/www.verredart.fr\/?s={search_term_string}"},"query-input":{"@type":"PropertyValueSpecification","valueRequired":true,"valueName":"search_term_string"}}],"inLanguage":"en-US"},{"@type":"Organization","@id":"https:\/\/www.verredart.fr\/#organization","name":"Verre d'Art","url":"https:\/\/www.verredart.fr\/","logo":{"@type":"ImageObject","inLanguage":"en-US","@id":"https:\/\/www.verredart.fr\/#\/schema\/logo\/image\/","url":"","contentUrl":"","caption":"Verre d'Art"},"image":{"@id":"https:\/\/www.verredart.fr\/#\/schema\/logo\/image\/"},"sameAs":["https:\/\/www.facebook.com\/Verredart","https:\/\/x.com\/verredart","https:\/\/www.instagram.com\/Verre_dart","https:\/\/www.pinterest.fr\/verredart\/"]}]}},"cat_url":"https:\/\/www.verredart.fr\/en\/bijoux-en-verre-recycle\/art-de-la-table-verre-recycle-non-recyclable\/pics-a-aperitifs\/","_links":{"self":[{"href":"https:\/\/www.verredart.fr\/en\/wp-json\/wp\/v2\/product_cat\/26","targetHints":{"allow":["GET"]}}],"collection":[{"href":"https:\/\/www.verredart.fr\/en\/wp-json\/wp\/v2\/product_cat"}],"about":[{"href":"https:\/\/www.verredart.fr\/en\/wp-json\/wp\/v2\/taxonomies\/product_cat"}],"up":[{"embeddable":true,"href":"https:\/\/www.verredart.fr\/en\/wp-json\/wp\/v2\/product_cat\/210"}],"wp:post_type":[{"href":"https:\/\/www.verredart.fr\/en\/wp-json\/wp\/v2\/product?product_cat=26"}],"curies":[{"name":"wp","href":"https:\/\/api.w.org\/{rel}","templated":true}]}}